{"id":50220,"date":"2026-04-28T20:55:00","date_gmt":"2026-04-28T20:55:00","guid":{"rendered":"http:\/\/ce008945283fe725a519f0f8414ef632"},"modified":"2026-04-28T20:55:00","modified_gmt":"2026-04-28T20:55:00","slug":"lemoine-quiere-crear-el-ejercito-digital-de-sebastian-pareja-y-un-detector-de-concejales-coimeros","status":"publish","type":"post","link":"https:\/\/cordobapolitica.com\/?p=50220","title":{"rendered":"Lemoine quiere crear el ej\u00e9rcito digital de Sebasti\u00e1n Pareja y un detector de concejales coimeros"},"content":{"rendered":"<p><img src=\"http:\/\/cordobapolitica.com\/wp-content\/uploads\/2026\/04\/lemoine-quiere-crear-el-ejercito-digital-de-sebastian-pareja-y-un-detector-de-concejales-coimeros.jpg\"><\/p>\n<p>Luego de filtrar la versi\u00f3n de que concejales electos por La Libertad Avanza cobraron 5 mil d\u00f3lares por voto para levantar la mano con el peronismo en algunos distritos, Lilia Lemoine ahora puso a su abogado Hern\u00e1n Seivane a armar una base de datos que haga un seguimiento del voto de cada concejal libertario.<\/p>\n<p>&#8220;Esto es un \u2018rumor de pasillo&#8217;, por ahora&#8221;, dijo en X la diputada sobre las supuestas coimas. Enseguida, fue cruzada por los tuiteros enlistados en Las Fuerzas del Cielo, que le marcaron que algunos de los concejales que votaron en sinton\u00eda con bloques del PJ en el conurbano fueron puestos en las listas por Sebasti\u00e1n Pareja. <\/p>\n<p>Este nuevo fuego cruzado entre Lilia y los tuiteros de Santiago Caputo, que se suma al cruce reciente de la diputada y el Gordo Dan, forma parte de una estrategia del karinismo de poner a Lemoine a disputarle el territorio digital a los celestiales.<\/p>\n<p><a href=\"https:\/\/www.lapoliticaonline.com\/tools\/redirect.php?t=3&amp;i=343963&amp;s=b24210eae344710fe8270f27d136dd73\" class=\"link-type-content content-type-noticia-ar\">Lemoine ahora atac\u00f3 a Bullrich y abon\u00f3 la teor\u00eda que conspir\u00f3 contra Adorni<\/a><\/p>\n<p>En esa l\u00ednea fue la reuni\u00f3n que este lunes mantuvieron Sebasti\u00e1n Pareja, Sevaine y dirigentes del norte del Conurbano. Minutos despu\u00e9s de ese encuentro, el abogado de Lilia y activo tuitero hizo un extenso posteo en el que sali\u00f3 a apoyar a Pareja y a uno de sus armadores m\u00e1s cuestionados por los celestiales, Ram\u00f3n &#8220;Nene&#8221; Vera. <\/p>\n<p class=\"authorquote\" title=\"Hern\u00e1n Sevaine\">Algunos piensan que se eligi\u00f3 un presidente por Twitter. Saben que sirve generar contenido para la batalla cultural y distribuirlo en todas las redes. No sirve querer meter a Karina Milei en un caj\u00f3n de muertos.<\/p>\n<p>&#8220;Algunos piensan que se eligi\u00f3 un presidente por Twitter. Saben que sirve generar contenido para la batalla cultural y distribuirlo en todas las redes. No sirve querer meter a @KarinaMileiOk en un caj\u00f3n de muertos&#8221;, dijo el abogado de Lilia, que acus\u00f3 &#8220;una doble moral motivada e influenciada por un par de influencers que buscan romper el espacio liberal&#8221;.<\/p>\n<figure class=\"vsmimage\" contenteditable=\"false\"><img loading=\"lazy\" alt=\"El abogado de Lemoine, Hern\u00e1n Seivene, este lunes con el Nene Vera y Pareja.&amp;nbsp;\" data-vsmid=\"285669\" data-owidth=\"1080\" data-oheight=\"725\" src=\"data:image\/png;base64,iVBORw0KGgoAAAANSUhEUgAAAx4AAAIXAQMAAAAojBoBAAAAA1BMVEUAAACnej3aAAAAAXRSTlMAQObYZgAAAEtJREFUeJztwTEBAAAAwqD1T20LL6AAAAAAAAAAAAAAAAAAAAAAAAAAAAAAAAAAAAAAAAAAAAAAAAAAAAAAAAAAAAAAAAAAAAAAOBvTEwABYBnU6wAAAABJRU5ErkJggg==\" vsmidos=\"1\" vsmsrc=\"\/files\/image\/285\/285669\/69f00616f2a09_798_535!.jpg?s=18eec5afd843f22dea04b7c1f21cb1f9&amp;d=1777337880\" width=\"798\" height=\"535\" contenteditable=\"false\"><\/figure>\n<p>Decididamente alineado a Pareja, el abogado tuitero de Lemoine compar\u00f3 al armador de Karina con San Mart\u00edn: &#8220;Sebasti\u00e1n es una persona que escucha y que sabe organizar. \u00bfQue hubo una derrota en 2025? S\u00ed. \u00bfO acaso San Mart\u00edn no perdi\u00f3 la batalla de Cancha Rayada?&#8221;<\/p>\n<p>Un dirigente cercano a Pareja confirm\u00f3 a LPO que, con los posteos &#8220;encendidos&#8221; de Lilia y su abogado tuitero, el karinismo busca &#8220;que haya alguien que conteste en las redes al ej\u00e9rcito digital de Caputo&#8221;. La contradicci\u00f3n es evidente. D\u00edas atr\u00e1s, Pareja intent\u00f3 bajarle el precio a la ofensiva digital de los celestiales: &#8220;No opinamos de cruces en redes&#8221;, afirm\u00f3.<\/p>\n<p><a href=\"https:\/\/www.lapoliticaonline.com\/tools\/redirect.php?t=3&amp;i=343861&amp;s=0a689f4b6ea9ddafb28340a396f13010\" class=\"link-type-content content-type-noticia-ar\">Pareja le baja el precio a la rebeli\u00f3n tuitera: &#8220;No opinamos de cruces en redes&#8221;<\/a><\/p>\n<p>Ahora han revisado esa idea y cerca de Pareja quieren armar su propio ej\u00e9rcito de trolls. &#8220;Es darle armas digitales a la territorialidad&#8221;, intent\u00f3 intelectualizar otro dirigente de Pareja, que vaticin\u00f3: &#8220;S\u00ed la territorialidad agarra algo de fuerza en lo digital, es el certificado de defunci\u00f3n de Las Fuerzas del Cielo&#8221;.<\/p>\n<p class=\"authorquote\">Lo que no entiende Lilia, Pareja y los Menem es que atr\u00e1s de Santiago hay una m\u00e1quina de trolls, pero tambi\u00e9n muchos militantes org\u00e1nicos que no le responde a nadie y simplemente se sienten parte de ese espacio.<\/p>\n<p>&#8220;Porque si no es un mon\u00f3logo de ataques y reproches&#8221;, agreg\u00f3. Pero no est\u00e1 f\u00e1cil. Cerca de Pareja recuerdan como una experiencia &#8220;fallida&#8221; el sello de &#8220;Los Inquebrantables&#8221;, que los Menem hab\u00edan promovido con un perfil beligerante en X para polemizar con los seguidores de Caputo y termin\u00f3 desvaneci\u00e9ndose.<\/p>\n<p>&#8220;Lo que no entiende Lilia, Pareja y los Menem es que atr\u00e1s de Santiago hay una m\u00e1quina de trolls, pero tambi\u00e9n muchos militantes org\u00e1nicos que no le responde a nadie y simplemente se sienten parte de ese espacio&#8221;, explic\u00f3 a LPO un dirigente de las Fuerzas del Cielo.&nbsp;<\/p>\n<p>Pero como Lemoine es Lemoine, en medio de sus peleas con el Gordo Dan, hizo correr la versi\u00f3n que &#8220;concejales que entraron por La Libertad Avanza ahora votan los proyectos kirchneristas y se dan vuelta por plata&#8221;.&nbsp;Lo curioso es que esas listas las arm\u00f3 Pareja, a quien Lemoine supuestamente defiende.<\/p>\n<p>Acaso ajeno a esos detalles, el abogado Seivane expuso el caso de la concejal de Mor\u00f3n, Alejandra Liquitay: &#8220;baja, da quorum, habilita un aumento del 30% de tasas&#8230; y despu\u00e9s vota en contra para la tribuna. Una coreograf\u00eda perfecta. \u00bfCasualidad?&#8221;, dijo.<\/p>\n<p>Traductor te Ama, un destacado tuitero de Las Fuerzas del Cielo, aprovech\u00f3 para cruzarlo: &#8220;El abogado de Lilia Lemoine dice que la concejal Alejandra Liquitay (LLA) habr\u00eda aceptado algo para bajar y dar qu\u00f3rum para habilitar un aumento de tasas. Liquitay fue puesta por Ariel Diwan que fue puesto por Mantequilla Pareja&#8221;, poste\u00f3.<\/p>\n<figure class=\"vsmimage\" contenteditable=\"false\"><img loading=\"lazy\" alt=\"Pareja, Karina y Santilli en el acto de Suipacha.\" data-vsmid=\"285741\" data-owidth=\"980\" data-oheight=\"653\" src=\"data:image\/png;base64,iVBORw0KGgoAAAANSUhEUgAAAx4AAAIOAQMAAAAMVUlSAAAAA1BMVEUAAACnej3aAAAAAXRSTlMAQObYZgAAAElJREFUeJztwQEBAAAAgiD\/r25IQAEAAAAAAAAAAAAAAAAAAAAAAAAAAAAAAAAAAAAAAAAAAAAAAAAAAAAAAAAAAAAAAAAAAPBjz4YAAXoxaWgAAAAASUVORK5CYII=\" vsmidos=\"1\" vsmsrc=\"\/files\/image\/285\/285741\/69f122de4ae71_798_526!.jpg?s=8ef2aebb0f1ec469aaf00f2f5037257d&amp;d=1777410783\" width=\"798\" height=\"526\"><\/figure>\n<p>Frente a esa discusi\u00f3n, cerca de Lemoine intentaron corregir el rumbo y aclararon que la intenci\u00f3n de la base de datos para controlar el voto de los concejales de LLA es &#8220;m\u00e1s que nada desenmascarar a los del PRO que votan con los intendentes peronistas&#8221;.<\/p>\n<p>Una acusaci\u00f3n que acaso se contradice con la decisi\u00f3n de Karina Milei de invitar&nbsp;a Diego Santilli, que sigue afiliado al PRO, al acto que La Libertad Avanza organiz\u00f3 este fin de semana en Suipacha.<\/p>\n<p>La presencia de Santilli incomod\u00f3 a algunos dirigentes de Pareja que tienen en sus municipios a dirigentes que responden al ministro del Interior, que buscan disputarle la candidatura a la intendencia en 2027. <\/p>\n<p>Pero m\u00e1s grande fue la bronca -contra el propio Pareja, que fue el organizador- porque en la actividad ni siquiera sirvieron caf\u00e9. &#8220;El break del mediod\u00eda eran los food trucks que estaban afuera y era todo garpar. Ac\u00e1 solo Adorni la pasa bien&#8221;, se quej\u00f3 un dirigente que estuvo en Suipacha, que habl\u00f3 de un acto &#8220;auto celebratorio para mostrarle a los del PRO que el armado es de LLA&#8221;.<\/p>\n","protected":false},"excerpt":{"rendered":"<p>Luego de filtrar la versi\u00f3n de que concejales electos por La Libertad Avanza cobraron 5 mil d\u00f3lares por voto para levantar la mano con el peronismo en algunos distritos, Lilia Lemoine ahora puso a su abogado Hern\u00e1n Seivane a armar una base de datos que haga un seguimiento del voto de cada concejal libertario. &#8220;Esto [&hellip;]<\/p>\n","protected":false},"author":1,"featured_media":50221,"comment_status":"closed","ping_status":"closed","sticky":false,"template":"","format":"standard","meta":{"om_disable_all_campaigns":false,"_monsterinsights_skip_tracking":false,"_monsterinsights_sitenote_active":false,"_monsterinsights_sitenote_note":"","_monsterinsights_sitenote_category":0},"categories":[30],"tags":[],"aioseo_notices":[],"_links":{"self":[{"href":"https:\/\/cordobapolitica.com\/index.php?rest_route=\/wp\/v2\/posts\/50220"}],"collection":[{"href":"https:\/\/cordobapolitica.com\/index.php?rest_route=\/wp\/v2\/posts"}],"about":[{"href":"https:\/\/cordobapolitica.com\/index.php?rest_route=\/wp\/v2\/types\/post"}],"author":[{"embeddable":true,"href":"https:\/\/cordobapolitica.com\/index.php?rest_route=\/wp\/v2\/users\/1"}],"replies":[{"embeddable":true,"href":"https:\/\/cordobapolitica.com\/index.php?rest_route=%2Fwp%2Fv2%2Fcomments&post=50220"}],"version-history":[{"count":0,"href":"https:\/\/cordobapolitica.com\/index.php?rest_route=\/wp\/v2\/posts\/50220\/revisions"}],"wp:featuredmedia":[{"embeddable":true,"href":"https:\/\/cordobapolitica.com\/index.php?rest_route=\/wp\/v2\/media\/50221"}],"wp:attachment":[{"href":"https:\/\/cordobapolitica.com\/index.php?rest_route=%2Fwp%2Fv2%2Fmedia&parent=50220"}],"wp:term":[{"taxonomy":"category","embeddable":true,"href":"https:\/\/cordobapolitica.com\/index.php?rest_route=%2Fwp%2Fv2%2Fcategories&post=50220"},{"taxonomy":"post_tag","embeddable":true,"href":"https:\/\/cordobapolitica.com\/index.php?rest_route=%2Fwp%2Fv2%2Ftags&post=50220"}],"curies":[{"name":"wp","href":"https:\/\/api.w.org\/{rel}","templated":true}]}}