{"id":50218,"date":"2026-04-28T23:18:29","date_gmt":"2026-04-28T23:18:29","guid":{"rendered":"http:\/\/e15673f94e435a11987ed1bb471c9700"},"modified":"2026-04-28T23:18:29","modified_gmt":"2026-04-28T23:18:29","slug":"michel-tolosa-paz-olmos-el-intendente-achaval-y-el-mendocino-felix-relanzan-un-peronismo-federal","status":"publish","type":"post","link":"https:\/\/cordobapolitica.com\/?p=50218","title":{"rendered":"Michel, Tolosa Paz, Olmos, el intendente Ach\u00e1val y el mendocino F\u00e9lix relanzan un peronismo federal"},"content":{"rendered":"<p><img src=\"http:\/\/cordobapolitica.com\/wp-content\/uploads\/2026\/04\/michel-tolosa-paz-olmos-el-intendente-achaval-y-el-mendocino-felix-relanzan-un-peronismo-federal.jpg\"><\/p>\n<p>Los diputados Guillermo Michel, Victoria Tolosa Paz y Emir F\u00e9lix, el intendente Federico Ach\u00e1val y el auditor Juan Manuel Olmos lanzaron la convocatoria a un plenario en Parque Norte para este viernes, con el prop\u00f3sito de reunir alrededor de mil militantes peronistas y discutir una agenda que trascienda los debates que, a su criterio, le impiden a la fuerza pol\u00edtica tender puentes con la sociedad.<\/p>\n<p>La intenci\u00f3n de los impulsores es ordenar la jornada en tres paneles tem\u00e1ticos: &#8220;Desarrollo federal sostenible&#8221;, &#8220;Trabajo y Producci\u00f3n&#8221; y &#8220;Econom\u00eda con inclusi\u00f3n&#8221;.<\/p>\n<p>El armado del espacio es una apuesta para eludir la feroz pelea interna entre La C\u00e1mpora y el Movimiento Derecho al Futuro (MDF), la agrupaci\u00f3n de Axel Kicillof. Se produce, adem\u00e1s, poco despu\u00e9s que M\u00e1ximo Kirchner saliera a criticar p\u00fablicamente la idea de construir &#8220;un frente anti Milei&#8221;.<\/p>\n<p>En efecto, los organizadores avisaron de la jugada tanto al gobernador bonaerense como al diputado Kirchner, pese a que no los invitaron. Tambi\u00e9n se encargaron de que supieran de la iniciativa Mart\u00edn Llaryora y Ricardo Quintela, por mencionar dos jefes territoriales con aspiraciones presidenciales, sin convidarles con la entrada al predio.<\/p>\n<p><a href=\"https:\/\/www.lapoliticaonline.com\/tools\/redirect.php?t=3&amp;i=344431&amp;s=68870bae7560461eba5e0888379b7551\" target=\"_blank\" class=\"link-type-content content-type-noticia-ar\" rel=\"noopener\">M\u00e1ximo busca hacer valer su poder y toma distancia de un gran frente anti Milei<\/a><\/p>\n<p>Uno de los responsables asegur\u00f3 ante LPO que habl\u00f3 del lanzamiento con Cristina Kirchner. &#8220;Ella deja correr, y despu\u00e9s se ver\u00e1&#8221;, conjetur\u00f3.<\/p>\n<p>Desde la apelaci\u00f3n para identificarse con la idea de un &#8220;peronismo federal&#8221;, los legisladores e intendentes que dise\u00f1aron la movida reclaman un modelo que contenga las demandas de las provincias, como una articulaci\u00f3n superadora de las cuestiones recortadas a las necesidades del AMBA. Eso los pone, casi autom\u00e1ticamente, en tensi\u00f3n con la conducci\u00f3n del PJ a nivel nacional, que responde a Cristina y sigue reivindicando los a\u00f1os de los gobiernos kirchneristas.<\/p>\n<figure class=\"vsmimage\" contenteditable=\"false\"><img loading=\"lazy\" alt=\"Juan Manuel Olmos.\" data-vsmid=\"280117\" data-owidth=\"1181\" data-oheight=\"764\" src=\"data:image\/png;base64,iVBORw0KGgoAAAANSUhEUgAAAx4AAAH+AQMAAAAoL0rWAAAAA1BMVEUAAACnej3aAAAAAXRSTlMAQObYZgAAAElJREFUeJztwQENAAAAwqD3T20ON6AAAAAAAAAAAAAAAAAAAAAAAAAAAAAAAAAAAAAAAAAAAAAAAAAAAAAAAAAAAAAAAAAAgA8DyTYAAZEJJiwAAAAASUVORK5CYII=\" vsmidos=\"1\" vsmsrc=\"\/files\/image\/280\/280117\/69a0794a78ece_798_510!.jpg?s=786cf53e6cef3e8e815a6261e6856eaf&amp;d=1777418760\" width=\"798\" height=\"510\"><\/figure>\n<p>&#8220;No se puede seguir defendiendo por una cuesti\u00f3n ideol\u00f3gica que el d\u00e9ficit no es malo, hay una cuesti\u00f3n t\u00e9cnica y nadie puede estar en contra de una macro ordenada&#8221;, aducen. Ponen como ejemplo los albores de la presidencia de N\u00e9stor Kirchner y su celo por los super\u00e1vit gemelos.<\/p>\n<p>Por otra parte, y como es de rigor, plantean la importancia de definir un programa pero el car\u00e1cter incipiente de la conversaci\u00f3n entre los dirigentes que empujan la creaci\u00f3n de este \u00e1mbito conspira contra el arribo a s\u00edntesis consistentes acerca de qu\u00e9 hacer con el endeudamiento con el Fondo Monetario Internacional (FMI), el comercio exterior y las retenciones o las tarifas, m\u00e1s all\u00e1 de las consideraciones generales. &#8220;Es muy pronto para cuestiones concretas, lo tenemos que discutir para que no nos pase lo que ocurri\u00f3 en el gobierno del Frente de Todos, nos hacemos cargo&#8221;, asumen.<\/p>\n<p class=\"authorquote\">No se puede seguir defendiendo por una cuesti\u00f3n ideol\u00f3gica que el d\u00e9ficit no es malo, hay una cuesti\u00f3n t\u00e9cnica y nadie puede estar en contra de una macro ordenada.<\/p>\n<p>En efecto, uno de los dirigentes consultados estima que los vencimientos del FMI no son &#8220;impagables&#8221;, pero que &#8220;es necesario acrecentar las exportaciones&#8221;. <\/p>\n<p>En cuanto a las retenciones, subrayan que los diputados de UP que responden a los gobernadores se impusieron frente a sus colegas de la Capital Federal y Gran Buenos Aires cuando se vot\u00f3 el acuerdo Mercosur-UE. &#8220;Fuimos 47 contra 34 y ah\u00ed se le pone un tope a las retenciones, porque hay que escuchar el interior productivo, no hay que enamorarse de una herramienta de pol\u00edtica econ\u00f3mica&#8221;, afirmaron.<\/p>\n<p>Sobre las tarifas fueron categ\u00f3ricos, reavivando la hist\u00f3rica desventaja de las provincias contra la portentosa Buenos Aires desde la conformaci\u00f3n del Estado a partir de 1860. &#8220;\u00bfPor qu\u00e9 los cordobeses, los mendocinos o los habitantes de cualquier otra provincia tienen que pagar un boleto much\u00edsimo m\u00e1s caro que ac\u00e1? El tema de las tarifas es importante ahora en el AMBA por la pol\u00edtica de Milei pero para el resto del pa\u00eds es algo con lo que conviven hace a\u00f1os&#8221;, contestaron.<\/p>\n<p>Como sea, tuvieron un pronunciamiento m\u00e1s claro al ser consultados sobre la eliminaci\u00f3n de las primarias que pretende el gobierno. &#8220;Nosotros necesitamos las PASO&#8221;, concluyeron.<\/p>\n","protected":false},"excerpt":{"rendered":"<p>Los diputados Guillermo Michel, Victoria Tolosa Paz y Emir F\u00e9lix, el intendente Federico Ach\u00e1val y el auditor Juan Manuel Olmos lanzaron la convocatoria a un plenario en Parque Norte para este viernes, con el prop\u00f3sito de reunir alrededor de mil militantes peronistas y discutir una agenda que trascienda los debates que, a su criterio, le [&hellip;]<\/p>\n","protected":false},"author":1,"featured_media":50219,"comment_status":"closed","ping_status":"closed","sticky":false,"template":"","format":"standard","meta":{"om_disable_all_campaigns":false,"_monsterinsights_skip_tracking":false,"_monsterinsights_sitenote_active":false,"_monsterinsights_sitenote_note":"","_monsterinsights_sitenote_category":0},"categories":[30],"tags":[],"aioseo_notices":[],"_links":{"self":[{"href":"https:\/\/cordobapolitica.com\/index.php?rest_route=\/wp\/v2\/posts\/50218"}],"collection":[{"href":"https:\/\/cordobapolitica.com\/index.php?rest_route=\/wp\/v2\/posts"}],"about":[{"href":"https:\/\/cordobapolitica.com\/index.php?rest_route=\/wp\/v2\/types\/post"}],"author":[{"embeddable":true,"href":"https:\/\/cordobapolitica.com\/index.php?rest_route=\/wp\/v2\/users\/1"}],"replies":[{"embeddable":true,"href":"https:\/\/cordobapolitica.com\/index.php?rest_route=%2Fwp%2Fv2%2Fcomments&post=50218"}],"version-history":[{"count":0,"href":"https:\/\/cordobapolitica.com\/index.php?rest_route=\/wp\/v2\/posts\/50218\/revisions"}],"wp:featuredmedia":[{"embeddable":true,"href":"https:\/\/cordobapolitica.com\/index.php?rest_route=\/wp\/v2\/media\/50219"}],"wp:attachment":[{"href":"https:\/\/cordobapolitica.com\/index.php?rest_route=%2Fwp%2Fv2%2Fmedia&parent=50218"}],"wp:term":[{"taxonomy":"category","embeddable":true,"href":"https:\/\/cordobapolitica.com\/index.php?rest_route=%2Fwp%2Fv2%2Fcategories&post=50218"},{"taxonomy":"post_tag","embeddable":true,"href":"https:\/\/cordobapolitica.com\/index.php?rest_route=%2Fwp%2Fv2%2Ftags&post=50218"}],"curies":[{"name":"wp","href":"https:\/\/api.w.org\/{rel}","templated":true}]}}