{"id":50210,"date":"2026-04-28T22:19:00","date_gmt":"2026-04-28T22:19:00","guid":{"rendered":"https:\/\/cordobapolitica.com\/?p=50210"},"modified":"2026-04-28T22:19:00","modified_gmt":"2026-04-28T22:19:00","slug":"la-side-desclasifico-nuevos-documentos-historicos-que-dicen-los-archivos-del-periodo-1946-1983","status":"publish","type":"post","link":"https:\/\/cordobapolitica.com\/?p=50210","title":{"rendered":"La SIDE desclasific\u00f3 nuevos documentos hist\u00f3ricos: qu\u00e9 dicen los archivos del per\u00edodo 1946-1983"},"content":{"rendered":"<div class=\"media_block\"><\/div>\n<div><img src=\"http:\/\/cordobapolitica.com\/wp-content\/uploads\/2026\/04\/la-side-desclasifico-nuevos-documentos-historicos-que-dicen-los-archivos-del-periodo-1946-1983.jpg\" class=\"ff-og-image-inserted\"><\/div>\n<p>La<strong> <a target=\"_blank\" href=\"https:\/\/www.perfil.com\/noticias\/economia\/la-side-el-organismo-con-mayor-ejecucion-presupuestaria-en-salarios-en-lo-que-va-de-2026.phtml\" rel=\"noopener\">Secretar\u00eda de Inteligencia de Estado<\/a><\/strong><a target=\"_blank\" href=\"https:\/\/www.perfil.com\/noticias\/economia\/la-side-el-organismo-con-mayor-ejecucion-presupuestaria-en-salarios-en-lo-que-va-de-2026.phtml\" rel=\"noopener\"> (<strong>SIDE<\/strong>)<\/a>, a trav\u00e9s de su <strong>titular Cristian Auguadra<\/strong>, dio un nuevo paso en su proceso de apertura institucional al informar la incorporaci\u00f3n de <strong>17 nuevos documentos clasificados<\/strong> a su Fondo Documental, que abarcan un arco temporal clave de la historia argentina entre 1946 y 1983. Aquella medida, que forma parte de una pol\u00edtica de desclasificaci\u00f3n impulsada por el Ejecutivo, tiene como objetivo permitir que la ciudadan\u00eda acceda a decretos, resoluciones e informes que hasta ahora permanec\u00edan bajo reserva.<\/p>\n<p>\u201cSeguimos avanzando en la desclasificaci\u00f3n para garantizar la accesibilidad p\u00fablica a documentos de relevancia\u201d, se\u00f1al\u00f3 Auguadra. Adem\u00e1s, uno de los puntos m\u00e1s destacados de esta entrega es la publicaci\u00f3n de <strong>los decretos de<\/strong> <strong>creaci\u00f3n del organismo en 1946 y 1951<\/strong>. Al respecto, el subsecretario de Inteligencia, <strong>Jos\u00e9 Lago Rodr\u00edguez<\/strong>, subray\u00f3 que estos archivos permiten entender <strong>c\u00f3mo se concibi\u00f3 la Inteligencia de Estado desde sus inicios<\/strong>.<\/p>\n<p>A partir del decreto fundacional citado por Lago Rodr\u00edguez, la misi\u00f3n original de la SIDE era: \u201cProporcionar al Poder Ejecutivo las bases informativas necesarias para la <strong>mejor conducci\u00f3n de los asuntos del Estado<\/strong> y, en particular, de la seguridad nacional\u201d. Para el funcionario, estos documentos prueban que la agencia fue dise\u00f1ada desde su origen como una herramienta estrat\u00e9gica para la toma de decisiones al m\u00e1s alto nivel.<\/p>\n<div class=\"subscription\">\n<p> Esto no les gusta a los autoritarios <\/p>\n<div class=\"subscription__container\">\n<div class=\"subscription__text-wrapper\">\n<p> El ejercicio del periodismo profesional y cr\u00edtico es un pilar fundamental de la democracia. Por eso molesta a quienes creen ser los due\u00f1os de la verdad. <\/p>\n<\/p><\/div><\/div><\/div>\n<p>Esta es la <strong>segunda etapa<\/strong> de un plan de transparencia que ya hab\u00eda tenido un hito previo.<\/p>\n<p>A pesar del avance, desde la SIDE aclararon que la apertura tiene l\u00edmites definidos por la <a target=\"_blank\" href=\"https:\/\/www.perfil.com\/noticias\/politica\/el-gobierno-explico-por-que-prohibio-el-ingreso-de-periodistas-a-la-casa-rosada-el-unico-fin-es-garantizar-la-seguridad-nacional.phtml\" rel=\"noopener\"><strong>seguridad nacional<\/strong><\/a>. Lago Rodr\u00edguez explic\u00f3 que <strong>ciertos contenidos se mantendr\u00e1n bajo secreto<\/strong>, especialmente aquellos cuya difusi\u00f3n pueda comprometer operaciones vigentes, intereses estrat\u00e9gicos o instituciones vitales del Estado.<\/p>\n<h2>Alianza tecnol\u00f3gica y estrat\u00e9gica con Estados Unidos<\/h2>\n<p>La SIDE oficializ\u00f3 un esquema de <strong>trabajo conjunto con los Estados Unidos<\/strong> orientado a modernizar las capacidades operativas del organismo local.<\/p>\n<p>Seg\u00fan se inform\u00f3, el acuerdo contempla la <strong>provisi\u00f3n de tecnolog\u00eda de \u00faltima generaci\u00f3n<\/strong> para tareas de inteligencia, la <strong>realizaci\u00f3n de visitas t\u00e9cnicas<\/strong> cruzadas para profesionalizar a los agentes en nuevas metodolog\u00edas y <strong>un intercambio de cooperaci\u00f3n <\/strong>en inteligencia criminal y estrat\u00e9gica con foco en el combate al crimen organizado transnacional.<\/p>\n<p>A partir del organismo destacan que esta profundidad en el v\u00ednculo busca reposicionar a la Argentina en el mapa de la inteligencia global, optimizando el flujo de informaci\u00f3n sensible para la seguridad del Estado.<\/p>\n<p>MV<\/p>\n","protected":false},"excerpt":{"rendered":"<p>La Secretar\u00eda de Inteligencia de Estado (SIDE), a trav\u00e9s de su titular Cristian Auguadra, dio un nuevo paso en su proceso de apertura institucional al informar la incorporaci\u00f3n de 17 nuevos documentos clasificados a su Fondo Documental, que abarcan un arco temporal clave de la historia argentina entre 1946 y 1983. Aquella medida, que forma [&hellip;]<\/p>\n","protected":false},"author":1,"featured_media":50211,"comment_status":"closed","ping_status":"closed","sticky":false,"template":"","format":"standard","meta":{"om_disable_all_campaigns":false,"_monsterinsights_skip_tracking":false,"_monsterinsights_sitenote_active":false,"_monsterinsights_sitenote_note":"","_monsterinsights_sitenote_category":0},"categories":[30],"tags":[],"aioseo_notices":[],"_links":{"self":[{"href":"https:\/\/cordobapolitica.com\/index.php?rest_route=\/wp\/v2\/posts\/50210"}],"collection":[{"href":"https:\/\/cordobapolitica.com\/index.php?rest_route=\/wp\/v2\/posts"}],"about":[{"href":"https:\/\/cordobapolitica.com\/index.php?rest_route=\/wp\/v2\/types\/post"}],"author":[{"embeddable":true,"href":"https:\/\/cordobapolitica.com\/index.php?rest_route=\/wp\/v2\/users\/1"}],"replies":[{"embeddable":true,"href":"https:\/\/cordobapolitica.com\/index.php?rest_route=%2Fwp%2Fv2%2Fcomments&post=50210"}],"version-history":[{"count":0,"href":"https:\/\/cordobapolitica.com\/index.php?rest_route=\/wp\/v2\/posts\/50210\/revisions"}],"wp:featuredmedia":[{"embeddable":true,"href":"https:\/\/cordobapolitica.com\/index.php?rest_route=\/wp\/v2\/media\/50211"}],"wp:attachment":[{"href":"https:\/\/cordobapolitica.com\/index.php?rest_route=%2Fwp%2Fv2%2Fmedia&parent=50210"}],"wp:term":[{"taxonomy":"category","embeddable":true,"href":"https:\/\/cordobapolitica.com\/index.php?rest_route=%2Fwp%2Fv2%2Fcategories&post=50210"},{"taxonomy":"post_tag","embeddable":true,"href":"https:\/\/cordobapolitica.com\/index.php?rest_route=%2Fwp%2Fv2%2Ftags&post=50210"}],"curies":[{"name":"wp","href":"https:\/\/api.w.org\/{rel}","templated":true}]}}