{"id":50206,"date":"2026-04-28T16:54:35","date_gmt":"2026-04-28T16:54:35","guid":{"rendered":"https:\/\/legislaturacba.gob.ar\/?p=129069"},"modified":"2026-04-28T16:54:35","modified_gmt":"2026-04-28T16:54:35","slug":"myrian-prunotto-participo-de-la-sesion-del-consejo-provincial-de-personas-mayores","status":"publish","type":"post","link":"https:\/\/cordobapolitica.com\/?p=50206","title":{"rendered":"Myrian Prunotto particip\u00f3 de la sesi\u00f3n del Consejo Provincial de Personas Mayores"},"content":{"rendered":"<p>Este martes, la Legislatura Hist\u00f3rica fue sede de la primera sesi\u00f3n plenaria del <strong>Consejo Provincial de Personas Mayores de la Provincia de C\u00f3rdoba<\/strong>. Particip\u00f3 la vicegobernadora de C\u00f3rdoba, <strong>Myrian Prunotto<\/strong>.<\/p>\n<p>La actividad reuni\u00f3 a <strong>representantes de instituciones p\u00fablicas, privadas y centros de jubilados <\/strong>de toda la provincia, quienes conforman este organismo.<\/p>\n<p>Durante la apertura oficial, la vicegobernadora destac\u00f3 el <strong>valor simb\u00f3lico del encuentro<\/strong>: <em>\u201cQue este Consejo se re\u00fana aqu\u00ed tiene un significado especial, porque la Legislatura es el \u00e1mbito del di\u00e1logo, de la representaci\u00f3n y de la construcci\u00f3n colectiva. De eso se trata este espacio: de escuchar, proponer y trabajar juntos para mejorar la vida de nuestras personas mayores\u201d.<\/em><\/p>\n<figure class=\"wp-block-gallery columns-2 is-cropped\">\n<ul class=\"blocks-gallery-grid\">\n<li class=\"blocks-gallery-item\">\n<figure><img src=\"http:\/\/cordobapolitica.com\/wp-content\/uploads\/2026\/04\/myrian-prunotto-participo-de-la-sesion-del-consejo-provincial-de-personas-mayores.jpg\" alt data-id=\"129088\" data-full-url=\"http:\/\/cordobapolitica.com\/wp-content\/uploads\/2026\/04\/myrian-prunotto-participo-de-la-sesion-del-consejo-provincial-de-personas-mayores.jpg\" data-link=\"https:\/\/legislaturacba.gob.ar\/?attachment_id=129088\" class=\"wp-image-129088\"><\/figure>\n<\/li>\n<li class=\"blocks-gallery-item\">\n<figure><img src=\"http:\/\/cordobapolitica.com\/wp-content\/uploads\/2026\/04\/myrian-prunotto-participo-de-la-sesion-del-consejo-provincial-de-personas-mayores-1.jpg\" alt data-id=\"129089\" data-full-url=\"http:\/\/cordobapolitica.com\/wp-content\/uploads\/2026\/04\/myrian-prunotto-participo-de-la-sesion-del-consejo-provincial-de-personas-mayores-1.jpg\" data-link=\"https:\/\/legislaturacba.gob.ar\/?attachment_id=129089\" class=\"wp-image-129089\"><\/figure>\n<\/li>\n<\/ul>\n<\/figure>\n<p>Prunotto celebr\u00f3 el avance de una <strong>agenda concreta<\/strong> que aborda ejes fundamentales como la salud integral, el bienestar emocional, los cuidados, la protecci\u00f3n de derechos y el buen trato. <em>\u201cC\u00f3rdoba tiene la oportunidad de ser una provincia modelo en pol\u00edticas de longevidad e inclusi\u00f3n. Cuenten con esta Legislatura para acompa\u00f1ar iniciativas que ampl\u00eden derechos y fortalezcan una sociedad m\u00e1s justa para todas las edades\u201d<\/em>, concluy\u00f3.<\/p>\n<p>Del encuentro participaron tambi\u00e9n el ministro de Vinculaci\u00f3n y Gesti\u00f3n Institucional provincial y presidente del Consejo, <strong>Miguel Siciliano<\/strong>; la secretaria de Inclusi\u00f3n Social, <strong>Mar\u00eda Emilia Eslava<\/strong>; junto a autoridades provinciales, municipales y miembros de diversas organizaciones de la sociedad civil.<\/p>\n<figure class=\"wp-block-gallery columns-2 is-cropped\">\n<ul class=\"blocks-gallery-grid\">\n<li class=\"blocks-gallery-item\">\n<figure><img src=\"http:\/\/cordobapolitica.com\/wp-content\/uploads\/2026\/04\/myrian-prunotto-participo-de-la-sesion-del-consejo-provincial-de-personas-mayores-2.jpg\" alt data-id=\"129090\" data-full-url=\"http:\/\/cordobapolitica.com\/wp-content\/uploads\/2026\/04\/myrian-prunotto-participo-de-la-sesion-del-consejo-provincial-de-personas-mayores-2.jpg\" data-link=\"https:\/\/legislaturacba.gob.ar\/?attachment_id=129090\" class=\"wp-image-129090\"><\/figure>\n<\/li>\n<li class=\"blocks-gallery-item\">\n<figure><img src=\"http:\/\/cordobapolitica.com\/wp-content\/uploads\/2026\/04\/myrian-prunotto-participo-de-la-sesion-del-consejo-provincial-de-personas-mayores-3.jpg\" alt data-id=\"129091\" data-full-url=\"http:\/\/cordobapolitica.com\/wp-content\/uploads\/2026\/04\/myrian-prunotto-participo-de-la-sesion-del-consejo-provincial-de-personas-mayores-3.jpg\" data-link=\"https:\/\/legislaturacba.gob.ar\/?attachment_id=129091\" class=\"wp-image-129091\"><\/figure>\n<\/li>\n<\/ul>\n<\/figure>\n<h4><strong>Un espacio activo y participativo<\/strong><\/h4>\n<p>El Consejo Provincial de Personas Mayores de la Provincia de C\u00f3rdoba es un organismo que <strong>articula pol\u00edticas p\u00fablicas <\/strong>para mejorar la calidad de vida de los mayores de 60 a\u00f1os. Integrado por instituciones p\u00fablicas, privadas y centros de jubilados, trabaja en la promoci\u00f3n de derechos, vejez activa y el Plan C\u00f3rdoba Mayor.&nbsp;<\/p>\n<p>Su misi\u00f3n se resume en <strong>promover, reconocer y garantizar los derechos humanos y libertades fundamentales de las personas mayores de 60 a\u00f1os,<\/strong> trabajando en pol\u00edticas p\u00fablicas y adecuaci\u00f3n de legislaciones.<\/p>\n<figure class=\"wp-block-gallery columns-2 is-cropped\">\n<ul class=\"blocks-gallery-grid\">\n<li class=\"blocks-gallery-item\">\n<figure><img src=\"http:\/\/cordobapolitica.com\/wp-content\/uploads\/2026\/04\/myrian-prunotto-participo-de-la-sesion-del-consejo-provincial-de-personas-mayores-4.jpg\" alt data-id=\"129087\" data-full-url=\"http:\/\/cordobapolitica.com\/wp-content\/uploads\/2026\/04\/myrian-prunotto-participo-de-la-sesion-del-consejo-provincial-de-personas-mayores-4.jpg\" data-link=\"https:\/\/legislaturacba.gob.ar\/?attachment_id=129087\" class=\"wp-image-129087\"><\/figure>\n<\/li>\n<li class=\"blocks-gallery-item\">\n<figure><img src=\"http:\/\/cordobapolitica.com\/wp-content\/uploads\/2026\/04\/myrian-prunotto-participo-de-la-sesion-del-consejo-provincial-de-personas-mayores-5.jpg\" alt data-id=\"129092\" data-full-url=\"http:\/\/cordobapolitica.com\/wp-content\/uploads\/2026\/04\/myrian-prunotto-participo-de-la-sesion-del-consejo-provincial-de-personas-mayores-5.jpg\" data-link=\"https:\/\/legislaturacba.gob.ar\/?attachment_id=129092\" class=\"wp-image-129092\"><\/figure>\n<\/li>\n<\/ul>\n<\/figure>\n","protected":false},"excerpt":{"rendered":"<p>Este martes, la Legislatura Hist\u00f3rica fue sede de la primera sesi\u00f3n plenaria del Consejo Provincial de Personas Mayores de la Provincia de C\u00f3rdoba. Particip\u00f3 la vicegobernadora de C\u00f3rdoba, Myrian Prunotto. La actividad reuni\u00f3 a representantes de instituciones p\u00fablicas, privadas y centros de jubilados de toda la provincia, quienes conforman este organismo. Durante la apertura oficial, [&hellip;]<\/p>\n","protected":false},"author":1,"featured_media":50207,"comment_status":"closed","ping_status":"closed","sticky":false,"template":"","format":"standard","meta":{"om_disable_all_campaigns":false,"_monsterinsights_skip_tracking":false,"_monsterinsights_sitenote_active":false,"_monsterinsights_sitenote_note":"","_monsterinsights_sitenote_category":0},"categories":[31],"tags":[],"aioseo_notices":[],"_links":{"self":[{"href":"https:\/\/cordobapolitica.com\/index.php?rest_route=\/wp\/v2\/posts\/50206"}],"collection":[{"href":"https:\/\/cordobapolitica.com\/index.php?rest_route=\/wp\/v2\/posts"}],"about":[{"href":"https:\/\/cordobapolitica.com\/index.php?rest_route=\/wp\/v2\/types\/post"}],"author":[{"embeddable":true,"href":"https:\/\/cordobapolitica.com\/index.php?rest_route=\/wp\/v2\/users\/1"}],"replies":[{"embeddable":true,"href":"https:\/\/cordobapolitica.com\/index.php?rest_route=%2Fwp%2Fv2%2Fcomments&post=50206"}],"version-history":[{"count":0,"href":"https:\/\/cordobapolitica.com\/index.php?rest_route=\/wp\/v2\/posts\/50206\/revisions"}],"wp:featuredmedia":[{"embeddable":true,"href":"https:\/\/cordobapolitica.com\/index.php?rest_route=\/wp\/v2\/media\/50207"}],"wp:attachment":[{"href":"https:\/\/cordobapolitica.com\/index.php?rest_route=%2Fwp%2Fv2%2Fmedia&parent=50206"}],"wp:term":[{"taxonomy":"category","embeddable":true,"href":"https:\/\/cordobapolitica.com\/index.php?rest_route=%2Fwp%2Fv2%2Fcategories&post=50206"},{"taxonomy":"post_tag","embeddable":true,"href":"https:\/\/cordobapolitica.com\/index.php?rest_route=%2Fwp%2Fv2%2Ftags&post=50206"}],"curies":[{"name":"wp","href":"https:\/\/api.w.org\/{rel}","templated":true}]}}