{"id":50199,"date":"2026-04-28T18:38:00","date_gmt":"2026-04-28T18:38:00","guid":{"rendered":"https:\/\/www.ambito.com\/c6271794"},"modified":"2026-04-28T18:38:00","modified_gmt":"2026-04-28T18:38:00","slug":"norte-grande-el-trabajo-independiente-crece-como-una-valvula-de-escape-frente-al-colapso-del-empleo-formal","status":"publish","type":"post","link":"https:\/\/cordobapolitica.com\/?p=50199","title":{"rendered":"Norte Grande: el trabajo independiente crece como una &#8220;v\u00e1lvula de escape&#8221; frente al colapso del empleo formal"},"content":{"rendered":"<div><img src=\"http:\/\/cordobapolitica.com\/wp-content\/uploads\/2026\/04\/norte-grande-el-trabajo-independiente-crece-como-una-valvula-de-escape-frente-al-colapso-del-empleo-formal.jpg\" class=\"ff-og-image-inserted\"><\/div>\n<div id>\n<p id=\"p-1777399478699-66864\">Seg\u00fan datos oficiales de la Secretar\u00eda de Trabajo analizados por Politikon, en los \u00faltimos doce meses se<strong> perdieron 124.735 puestos de trabajo registrados a nivel nacional (-1,2%), <\/strong>mientras que el trabajo independiente creci\u00f3 en 85.819 personas (+3,1%). Para las provincias del norte el desaf\u00edo es doble: no <strong>solo deben revertir la ca\u00edda del empleo formal, sino tambi\u00e9n enfrentar una estructura productiva hist\u00f3ricamente concentrada en sectores de baja calificaci\u00f3n y alta informalidad<\/strong> (agro, construcci\u00f3n, servicios dom\u00e9sticos, comercio minorista). La densidad empresarial es baja, el PBI per c\u00e1pita est\u00e1 por debajo del promedio nacional y la presencia de grandes empresas formalizadas es escasa .<\/p>\n<\/div>\n<div id>\n<p id=\"p-1777399478699-72862\"><strong>Por otro lado, un estudio reciente de ArgenData revel\u00f3 que nueve de las doce provincias con mayor informalidad asalariada pertenecen al Norte Grande.<\/strong> En esta regi\u00f3n, que comprende <strong>Jujuy, Salta, Tucum\u00e1n, Catamarca, Santiago del Estero, Chaco, Corrientes, Misiones<\/strong> y <strong>Formosa<\/strong>, los niveles de informalidad superan el 48%, con picos que sobrepasan el 50% en algunos distritos.<\/p>\n<\/div>\n<div id>\n<p id=\"p-1777399478699-42526\"><strong>Salta y Tucum\u00e1n lideran el ranking negativo.<\/strong> En Salta, m\u00e1s de la mitad de los trabajadores asalariados opera en condiciones informales, sin contrato ni aportes a la seguridad social. Tucum\u00e1n, por su parte, registra el peor indicador de informalidad de todo el Noroeste Argentino (NOA), superando incluso a Salta. En Santiago del Estero, la situaci\u00f3n es similar: m\u00e1s del 50% de los asalariados carece de registraci\u00f3n laboral. La provincia, hist\u00f3ricamente relegada en desarrollo productivo, concentra su actividad econ\u00f3mica en sectores de alta informalidad como el agro, la construcci\u00f3n y los servicios de baja calificaci\u00f3n.<\/p>\n<\/div>\n<div id>\n<p id=\"p-1777399478699-68768\"><strong>Chaco, cuya consultora hom\u00f3nima (Politikon Chaco) monitorea de cerca estos indicadores, muestra una din\u00e1mica preocupante: mientras el empleo formal privado se desploma, el monotributo crece como \u00fanica alternativa.<\/strong> En el \u00faltimo a\u00f1o, el sistema sum\u00f3 93.724 nuevos inscriptos (+4,5%) a nivel nacional, pero en el norte este crecimiento est\u00e1 concentrado en categor\u00edas de bajo ingreso y sin capacidad de generar aportes previsionales sustentables.<\/p>\n<h2 id=\"p-1777399478699-5266\">Una recuperaci\u00f3n que no llega al trabajo<\/h2>\n<p id=\"p-1777399478699-63182\">El relevamiento de Politikon Chaco de enero de 2026 ya hab\u00eda alertado sobre una paradoja nacional: pese a la moderaci\u00f3n inflacionaria (IPC del 31,5% anual en diciembre de 2025), el empleo formal no recuper\u00f3 terreno. Entre noviembre de 2023 y octubre de 2025, se perdieron 176.908 puestos de trabajo registrados en el sector privado y el volumen de empleo alcanz\u00f3 su nivel m\u00e1s bajo desde junio de 2022. &#8220;La recuperaci\u00f3n todav\u00eda no logra trasladarse al mercado laboral&#8221;, advirti\u00f3 el documento.<\/p>\n<p id=\"p-1777400329142-33251\">Las actividades con mayor dinamismo econ\u00f3mico siguen siendo de baja demanda laboral, mientras que los sectores intensivos en empleo -como la industria manufacturera y la construcci\u00f3n- contin\u00faan en retroceso.<\/p>\n<p id=\"p-1777399478699-71505\">A nivel nacional, la tasa de informalidad alcanz\u00f3 al 43,3% de los ocupados, seg\u00fan el INDEC. Dentro de ese universo, los cuentapropistas no registrados superan los 2,2 millones en los principales centros urbanos. Pero en el norte, estas cifras son a\u00fan m\u00e1s graves.<\/p>\n<h2 id=\"p-1777399478699-44899\">Dos realidades<\/h2>\n<p id=\"p-1777399478699-18175\">El informe de Argendata distingue dos tipos de informalidad entre los trabajadores independientes. Entre los cuentapropistas (trabajadores por cuenta propia), el 62% es informal: <strong>son los vendedores ambulantes, los feriantes, los alba\u00f1iles que trabajan sin monotributo y los deliverys sin registraci\u00f3n.<\/strong> Entre los patrones (due\u00f1os de peque\u00f1as empresas), la informalidad desciende al 20%, pero estas unidades productivas son fr\u00e1giles y est\u00e1n expuestas a ciclos de cierre masivo.<\/p>\n<p id=\"p-1777399478699-445\">Desde el inicio de la gesti\u00f3n de Javier Milei, 24.240 empresas cerraron sus puertas, seg\u00fan datos de la Superintendencia de Riesgos del Trabajo. En enero de 2026 se perdieron 1.632 empleadores, equivalentes a m\u00e1s de 77 empresas menos por d\u00eda laboral. Este cierre de unidades productivas formales empuja a los trabajadores hacia la autogesti\u00f3n precaria.<\/p>\n<div class=\"embed_cont type_freetext\" id=\"embed5619_wrap\" data-provider=\"Twitter\">\n<p>Embed &#8211; https:\/\/publish.x.com\/oembed?url=https:\/\/x.com\/argendatafundar\/status\/2049138054435049644?s=20&amp;partner=&amp;hide_thread=false<span class=\"embed_colapse less\" id=\"embed5619_colapse\"><\/span><span class=\"embed_delete less\" id=\"embed5619_delete\"><\/span><\/p>\n<div id=\"embed5619_content\" class=\"embed_content\">\n<div id=\"embed5619_embed\">\n<blockquote data-td-script-src=\"https:\/\/platform.twitter.com\/widgets.js\" class=\"twitter-tweet\">\n<p id=\"p-1777400119350-13644\" dir=\"ltr\" lang=\"es\"> El mercado de trabajo argentino es muy heterog\u00e9neo. Hoy, la informalidad va de la mano con la pobreza: cerca del 40% de los trabajadores de los sectores peores pagos y con m\u00e1s informalidad, como servicio dom\u00e9stico, construcci\u00f3n y agro, son pobres. <a href=\"https:\/\/t.co\/QY8vkUUnOD\">pic.twitter.com\/QY8vkUUnOD<\/a><\/p>\n<p> \u2014 Argendata (@argendatafundar) <a href=\"https:\/\/twitter.com\/argendatafundar\/status\/2049138054435049644?ref_src=twsrc%5Etfw\">April 28, 2026<\/a><\/p><\/blockquote>\n<\/div><\/div><\/div>\n<h2 id=\"p-1777399478699-16355\">El costo humano<\/h2>\n<p id=\"p-1777399478699-41190\">El corrimiento hacia el trabajo independiente no es una elecci\u00f3n libre, sino una imposici\u00f3n estructural, de acuerdo a las consultoras. El informe de Politikon se\u00f1al\u00f3 que la remuneraci\u00f3n bruta promedio apenas mejor\u00f3 un 0,1% real interanual, mientras que la mediana salarial -que refleja la situaci\u00f3n de la mayor\u00eda- cay\u00f3 un 2,5% en poder adquisitivo entre enero de 2025 y enero de 2026. En febrero de 2026, la situaci\u00f3n se profundiz\u00f3: el salario promedio del sector privado registrado cay\u00f3 un 0,2% real respecto al mes anterior, y los salarios de convenio se contrajeron un 1,7%. El convenio de comercio, el m\u00e1s extendido del pa\u00eds con 1,2 millones de trabajadores, acumula una ca\u00edda del 6,7% interanual .<\/p>\n<p id=\"p-1777399478699-56704\"><strong>Para los nuevos trabajadores independientes del norte la realidad es m\u00e1s cruda. Sin aportes jubilatorios, sin obra social, sin indemnizaci\u00f3n por despido, sin vacaciones pagas, asumen todos los riesgos del mercado sin ninguna red de protecci\u00f3n. El 44% de los ocupados en Argentina se encuentra fuera de la legislaci\u00f3n laboral vigente y en el norte esa cifra roza el 50%.<\/strong><\/p>\n<h2 id=\"p-1777399606589-9237\">Un fen\u00f3meno estructural<\/h2>\n<p id=\"p-1777399478699-38770\">El an\u00e1lisis hist\u00f3rico de Argendata muestra que la informalidad en Argentina creci\u00f3 del 26,9% en 1986 al 49,4% en 2003, durante el proceso de desindustrializaci\u00f3n. Luego baj\u00f3 hasta 2011 por el crecimiento econ\u00f3mico y el fortalecimiento institucional, pero desde 2015 volvi\u00f3 a ascender, pasando del 32,6% al 36% en 2024.<\/p>\n<p id=\"p-1777399478699-16374\">La presi\u00f3n tributaria sobre el trabajo es un factor determinante. En Argentina, los costos de contrataci\u00f3n formal -aportes y contribuciones sociales- son m\u00e1s altos que en pa\u00edses con menor informalidad como Uruguay (9,6%) o Chile (14,8%). Mientras Brasil registra una informalidad del 23,6%, Argentina se ubica en el 36,2% entre asalariados, aunque por debajo del promedio latinoamericano del 42,6%.<\/p>\n<h2 id=\"p-1777399478699-29566\">Menos ingresos<\/h2>\n<p id=\"p-1777399478699-92547\">En los \u00faltimos d\u00edas, <a href=\"https:\/\/www.ambito.com\/economia\/desigualdad-los-ingresos-advierten-que-hay-argentinos-que-viven-solo-8-dolares-dia-n6268510\" target=\"_blank\" rel=\"follow noopener\">como lo inform\u00f3 \u00c1mbito<\/a>, tambi\u00e9n se hizo p\u00fablico un estudio de la consultora Focus Market que revel\u00f3 una marcada desigualdad en los ingresos de los argentinos seg\u00fan la regi\u00f3n del pa\u00eds. Aunque el promedio nacional alcanza los 671 d\u00f3lares mensuales al tipo de cambio oficial, el dato esconde una fuerte brecha: <strong>mientras en la Ciudad de Buenos Aires el ingreso diario supera los 25 d\u00f3lares, en provincias del norte apenas ronda los 8 d\u00f3lares<\/strong>, en promedio. Y si se pone lupa por provincia, en La Rioja se vive con US$8,24 diarios; en Chaco con US$8,52 y en Formosa con US$8,89.<\/p>\n<p id=\"p-1777399478699-8698\">Para dimensionar la brecha en la vida cotidiana, el informe detalla qu\u00e9 puede comprar un trabajador con un d\u00eda de ingreso. En La Rioja, alcanza para medio kilo de bifes, medio kilo de helado o cinco empanadas; en Salta, para 700 gramos de carne, 600 gramos de helado o cinco empanadas.<\/p>\n<\/p><\/div>\n","protected":false},"excerpt":{"rendered":"<p>Seg\u00fan datos oficiales de la Secretar\u00eda de Trabajo analizados por Politikon, en los \u00faltimos doce meses se perdieron 124.735 puestos de trabajo registrados a nivel nacional (-1,2%), mientras que el trabajo independiente creci\u00f3 en 85.819 personas (+3,1%). Para las provincias del norte el desaf\u00edo es doble: no solo deben revertir la ca\u00edda del empleo formal, [&hellip;]<\/p>\n","protected":false},"author":1,"featured_media":50200,"comment_status":"closed","ping_status":"closed","sticky":false,"template":"","format":"standard","meta":{"om_disable_all_campaigns":false,"_monsterinsights_skip_tracking":false,"_monsterinsights_sitenote_active":false,"_monsterinsights_sitenote_note":"","_monsterinsights_sitenote_category":0},"categories":[3],"tags":[],"aioseo_notices":[],"_links":{"self":[{"href":"https:\/\/cordobapolitica.com\/index.php?rest_route=\/wp\/v2\/posts\/50199"}],"collection":[{"href":"https:\/\/cordobapolitica.com\/index.php?rest_route=\/wp\/v2\/posts"}],"about":[{"href":"https:\/\/cordobapolitica.com\/index.php?rest_route=\/wp\/v2\/types\/post"}],"author":[{"embeddable":true,"href":"https:\/\/cordobapolitica.com\/index.php?rest_route=\/wp\/v2\/users\/1"}],"replies":[{"embeddable":true,"href":"https:\/\/cordobapolitica.com\/index.php?rest_route=%2Fwp%2Fv2%2Fcomments&post=50199"}],"version-history":[{"count":0,"href":"https:\/\/cordobapolitica.com\/index.php?rest_route=\/wp\/v2\/posts\/50199\/revisions"}],"wp:featuredmedia":[{"embeddable":true,"href":"https:\/\/cordobapolitica.com\/index.php?rest_route=\/wp\/v2\/media\/50200"}],"wp:attachment":[{"href":"https:\/\/cordobapolitica.com\/index.php?rest_route=%2Fwp%2Fv2%2Fmedia&parent=50199"}],"wp:term":[{"taxonomy":"category","embeddable":true,"href":"https:\/\/cordobapolitica.com\/index.php?rest_route=%2Fwp%2Fv2%2Fcategories&post=50199"},{"taxonomy":"post_tag","embeddable":true,"href":"https:\/\/cordobapolitica.com\/index.php?rest_route=%2Fwp%2Fv2%2Ftags&post=50199"}],"curies":[{"name":"wp","href":"https:\/\/api.w.org\/{rel}","templated":true}]}}