{"id":50183,"date":"2026-04-28T12:42:17","date_gmt":"2026-04-28T12:42:17","guid":{"rendered":"http:\/\/b28b0651b396e9df022afa0a77dd3a83"},"modified":"2026-04-28T12:42:17","modified_gmt":"2026-04-28T12:42:17","slug":"los-milei-salieron-a-levantar-a-toto-caputo-en-medio-de-la-tension-por-el-plan-economico","status":"publish","type":"post","link":"https:\/\/cordobapolitica.com\/?p=50183","title":{"rendered":"Los Milei salieron a levantar a Toto Caputo, en medio de la tensi\u00f3n por el plan econ\u00f3mico"},"content":{"rendered":"<p><img src=\"http:\/\/cordobapolitica.com\/wp-content\/uploads\/2026\/04\/los-milei-salieron-a-levantar-a-toto-caputo-en-medio-de-la-tension-por-el-plan-economico.jpg\"><\/p>\n<div><img src=\"http:\/\/cordobapolitica.com\/wp-content\/uploads\/2026\/04\/los-milei-salieron-a-levantar-a-toto-caputo-en-medio-de-la-tension-por-el-plan-economico-2.jpg\" class=\"ff-og-image-inserted\"><\/div>\n<p>Javier y Karina Milei salieron a levantar a Toto Caputo despu\u00e9s de varios d\u00edas de versiones sobre una tensi\u00f3n por el rumbo del plan econ\u00f3mico y tras los chispazos por <a href=\"https:\/\/www.lapoliticaonline.com\/politica\/echaron-al-funcionario-de-caputo-que-no-declaro-departamentos-pero-sigue-adorni-1207\/\" target=\"_blank\" rel=\"noopener\">la salida del macrista Carlos Frugoni<\/a>.<\/p>\n<p>Las versiones en torno al malestar con el ministro de Econom\u00eda se hab\u00edan acelerado con su faltazo a la reuni\u00f3n de mesa pol\u00edtica que se realiz\u00f3 el lunes al mediod\u00eda en la Casa Rosada. Fue la segunda ausencia consecutiva de Caputo, que explic\u00f3 que a la anterior no fue porque estaba en Washington.&nbsp;<\/p>\n<p>Por la noche, Caputo, los Milei y todo el gabinete asistieron a la cena de la Fundaci\u00f3n Libertad. La hermana presidencial se hizo fotografiar a los abrazos y sonrisas con Toto, una puesta en escena cl\u00e1sica de la pol\u00edtica para tratar de escenificar buena onda y que no hace otra cosa m\u00e1s que confirmar la existencia de la tensi\u00f3n.<\/p>\n<p>Adem\u00e1s, Milei le dedic\u00f3 un elogio durante un discurso que su entorno anticip\u00f3 como explosivo, pero termin\u00f3 siendo m\u00e1s de lo mismo.&nbsp;&#8220;Nosotros pusimos en orden las cuentas del sector p\u00fablico gracias a la enorme tarea del gigante que tengo como ministro de Econom\u00eda, Toto Caputo, que ajust\u00f3 cinco puntos del PBI en un mes&#8221;, dijo el presidente.<\/p>\n<p><a href=\"https:\/\/www.lapoliticaonline.com\/tools\/redirect.php?t=3&amp;i=344103&amp;s=f6886333393ffb873b52648ef9879ba4\" target=\"_blank\" class=\"link-type-content content-type-nota-columna-ar\" rel=\"noopener\">\u00bfQu\u00e9 discuten Milei y Caputo?<\/a><\/p>\n<p>LPO viene dando cuenta de la tensi\u00f3n entre Caputo y los Milei. Por un lado, el ministro choca con el presidente por el rumbo del plan econ\u00f3mico: mientras que Toto busca margen para aflojar el ajuste y que se reactive la econom\u00eda, Milei sostiene a rajatabla el rumbo ortodoxo. Un mensaje que reiter\u00f3 en la cena realizada en el Goldencenter.<\/p>\n<p>Por otro lado, Caputo empez\u00f3 a chocar con Karina por cuestiones de pol\u00edtica. La hermana presidencial empez\u00f3 a sacarle la autonom\u00eda de la que goz\u00f3 durante los primeros dos a\u00f1os de gobierno y es por eso que el ministro en charlas privadas <a href=\"https:\/\/www.lapoliticaonline.com\/politica\/lpo-en-gps-caputo-paso-del-riesgo-kuka-a-echarle-la-culpa-a-karina-y-santiago-caputo\/\" target=\"_blank\" rel=\"noopener\">dej\u00f3 de hablar del &#8220;riesgo kuka&#8221;<\/a> y empez\u00f3 a hablar al &#8220;riesgo pol\u00edtico&#8221;. Una forma de decir que el gobierno -es decir Karina- tiene que ordenar la interna.<\/p>\n<figure class=\"vsmwidget widget-wrapper iframehidden widget-type-youtube youtube \" vsmtype=\"youtube\" contenteditable=\"false\" hiturl=\"\/tools\/hit.php?d=39dad6c21a8dbd1e4ef08a22cce6a50b;;&amp;a=210\"><iframe loading=\"lazy\" width=\"560\" height=\"315\" src=\"https:\/\/www.youtube.com\/embed\/Q_psk8t_Tgo?si=6GBEL24wI0sbRFAd\" title=\"YouTube video player\" frameborder=\"0\" allow=\"accelerometer; autoplay; clipboard-write; encrypted-media; gyroscope; picture-in-picture; web-share\" referrerpolicy=\"strict-origin-when-cross-origin\" allowfullscreen>[embedded content]<\/iframe><\/figure>\n<p>Hasta ahora, Caputo ten\u00eda autonom\u00eda para manejar la pol\u00edtica econ\u00f3mica, la relaci\u00f3n con los gobernadores y el v\u00ednculo con Estados Unidos. Pero Karina avanz\u00f3 y ya le tom\u00f3 la relaci\u00f3n con las provincias a trav\u00e9s de los Menem. El siguiente paso, <a href=\"https:\/\/www.lapoliticaonline.com\/tools\/redirect.php?t=3&amp;i=344387&amp;s=1b7d138f35b57d9ce772d708fe4e719b\" target=\"_blank\" rel=\"noopener\">como revel\u00f3 Ignacio Fidanza en GPS<\/a>, es capturarle a Pablo Quirno para controlar el v\u00ednculo con Washington.<\/p>\n<p>La tensi\u00f3n con Caputo tambi\u00e9n explicar\u00eda la salida del macrista Carlos Frugoni de la secretar\u00eda de Infraestructura por no haber declarado siete casas. En un sector del gobierno creen que la filtraci\u00f3n de la informaci\u00f3n fue un palo interno a Toto. Tambi\u00e9n sospechan de una jugada para detonar su relaci\u00f3n con Mauricio Macri y Nicky Caputo, que nunca interrumpi\u00f3.&nbsp;<\/p>\n<p>El ministro respondi\u00f3 con un mensaje filoso para Karina: lo ech\u00f3 inmediatamente del cargo y expuso la protecci\u00f3n de la hermana presidencial a Manuel Adorni, cuestionado por lo mismo que Frugoni.<\/p>\n","protected":false},"excerpt":{"rendered":"<p>Javier y Karina Milei salieron a levantar a Toto Caputo despu\u00e9s de varios d\u00edas de versiones sobre una tensi\u00f3n por el rumbo del plan econ\u00f3mico y tras los chispazos por la salida del macrista Carlos Frugoni. Las versiones en torno al malestar con el ministro de Econom\u00eda se hab\u00edan acelerado con su faltazo a la [&hellip;]<\/p>\n","protected":false},"author":1,"featured_media":50184,"comment_status":"closed","ping_status":"closed","sticky":false,"template":"","format":"standard","meta":{"om_disable_all_campaigns":false,"_monsterinsights_skip_tracking":false,"_monsterinsights_sitenote_active":false,"_monsterinsights_sitenote_note":"","_monsterinsights_sitenote_category":0},"categories":[30],"tags":[],"aioseo_notices":[],"_links":{"self":[{"href":"https:\/\/cordobapolitica.com\/index.php?rest_route=\/wp\/v2\/posts\/50183"}],"collection":[{"href":"https:\/\/cordobapolitica.com\/index.php?rest_route=\/wp\/v2\/posts"}],"about":[{"href":"https:\/\/cordobapolitica.com\/index.php?rest_route=\/wp\/v2\/types\/post"}],"author":[{"embeddable":true,"href":"https:\/\/cordobapolitica.com\/index.php?rest_route=\/wp\/v2\/users\/1"}],"replies":[{"embeddable":true,"href":"https:\/\/cordobapolitica.com\/index.php?rest_route=%2Fwp%2Fv2%2Fcomments&post=50183"}],"version-history":[{"count":0,"href":"https:\/\/cordobapolitica.com\/index.php?rest_route=\/wp\/v2\/posts\/50183\/revisions"}],"wp:featuredmedia":[{"embeddable":true,"href":"https:\/\/cordobapolitica.com\/index.php?rest_route=\/wp\/v2\/media\/50184"}],"wp:attachment":[{"href":"https:\/\/cordobapolitica.com\/index.php?rest_route=%2Fwp%2Fv2%2Fmedia&parent=50183"}],"wp:term":[{"taxonomy":"category","embeddable":true,"href":"https:\/\/cordobapolitica.com\/index.php?rest_route=%2Fwp%2Fv2%2Fcategories&post=50183"},{"taxonomy":"post_tag","embeddable":true,"href":"https:\/\/cordobapolitica.com\/index.php?rest_route=%2Fwp%2Fv2%2Ftags&post=50183"}],"curies":[{"name":"wp","href":"https:\/\/api.w.org\/{rel}","templated":true}]}}