{"id":50171,"date":"2026-04-27T20:19:39","date_gmt":"2026-04-27T20:19:39","guid":{"rendered":"http:\/\/42854b746399c7512dcd834c49605d43"},"modified":"2026-04-27T20:19:39","modified_gmt":"2026-04-27T20:19:39","slug":"la-senadora-de-saenz-no-apoya-la-eliminacion-de-las-paso-y-al-gobierno-se-le-escapa-la-mayoria-en-el-senado","status":"publish","type":"post","link":"https:\/\/cordobapolitica.com\/?p=50171","title":{"rendered":"La senadora de S\u00e1enz no apoya la eliminaci\u00f3n de las PASO y al gobierno se le escapa la mayor\u00eda en el Senado"},"content":{"rendered":"<p><img src=\"http:\/\/cordobapolitica.com\/wp-content\/uploads\/2026\/04\/la-senadora-de-saenz-no-apoya-la-eliminacion-de-las-paso-y-al-gobierno-se-le-escapa-la-mayoria-en-el-senado.jpg\"><\/p>\n<div><img src=\"http:\/\/cordobapolitica.com\/wp-content\/uploads\/2026\/04\/la-senadora-de-saenz-no-apoya-la-eliminacion-de-las-paso-y-al-gobierno-se-le-escapa-la-mayoria-en-el-senado-2.jpg\" class=\"ff-og-image-inserted\"><\/div>\n<p>Gustavo S\u00e1enz, uno de los aliados m\u00e1s colaborativos para el gobierno de Javier Milei, podr\u00eda retirar el apoyo de la senadora Flavia Roy\u00f3n para la eliminaci\u00f3n de las PASO.<\/p>\n<p>Cerca de la legisladora admitieron ante LPO que &#8220;est\u00e1 dispuesta a discutir modificaciones sobre las primarias pero no sacarlas&#8221;. &#8220;Se puede discutir la obligatoriedad o el financiamiento&#8221;, acotaron.<\/p>\n<p>La postura de los salte\u00f1os es similar a la del resto de los bloques dialoguistas. En la C\u00e1mara Alta, advierten que &#8220;se va a comenzar a complicar el trabajo legislativo por la ca\u00edda de imagen de (Javier) Milei y la mala situaci\u00f3n en todas las provincias&#8221;.<\/p>\n<p>Por m\u00e1s que Patricia Bullrich se esfuerce para lograr el respaldo a los proyectos del oficialismo, los opositores dudan que la ex ministra de Seguridad tenga el \u00e9xito que supone. &#8220;Van a tener que arreglar agenda con los dialoguistas y aflojar con la coparticipaci\u00f3n, sino parece que se va a empantanar todo&#8221;, deslizaron fuentes del Congreso.<\/p>\n<p><a href=\"https:\/\/www.lapoliticaonline.com\/tools\/redirect.php?t=3&amp;i=344375&amp;s=96ee7398408c421dfab8463d93a474a1\" target=\"_blank\" class=\"link-type-content content-type-noticia-ar\" rel=\"noopener\">Jaldo rechaza la eliminaci\u00f3n de las PASO y el gobierno queda lejos de conseguir los votos<\/a><\/p>\n<p>En efecto, la consultora Politik\u00f3n Chaco present\u00f3 un informe sobre el super\u00e1vit de las provincias. &#8220;Se pas\u00f3 de un super\u00e1vit financiero equivalente al 1,1% de sus ingresos totales en 2024 a un d\u00e9ficit del 2,9% en 2025&#8221;, asegur\u00f3 el trabajo.<\/p>\n<p>La explicaci\u00f3n que encuentran los especialistas de esa firma es que &#8220;durante el a\u00f1o electoral, el gasto subi\u00f3 cerca del 9%, mientras que los ingresos s\u00f3lo aumentaron el 3%. &#8220;En 2024 las provincias hab\u00edan recortado el gasto un 15% y lograron equilibrar las cuentas pese a la baja recaudaci\u00f3n, pero en 2025 ya no alcanzaron&#8221;, deslizaron.<\/p>\n<p class=\"authorquote\">Se va a comenzar a complicar el trabajo legislativo por la ca\u00edda de imagen de (Javier) Milei y la mala situaci\u00f3n en todas las provincias.<\/p>\n<p>La investigaci\u00f3n revela que siete provincias lograron terminar el a\u00f1o con n\u00fameros positivos, aunque todos con super\u00e1vit m\u00e1s bajo que antes: C\u00f3rdoba, Formosa, Jujuy, Neuqu\u00e9n, San Juan, Santiago del Estero y Tucum\u00e1n. Salta, por caso, cerr\u00f3 en rojo.<\/p>\n<p>Seg\u00fan Politik\u00f3n, los d\u00e9ficit m\u00e1s agudos fueron los de Tierra del Fuego, con 16,4% de sus ingresos; Santa Cruz, con 12,9%; Chubut, con 8%; Chaco, con 7,3%; Buenos Aires, con 6%; y Mendoza, con 5,8%.<\/p>\n","protected":false},"excerpt":{"rendered":"<p>Gustavo S\u00e1enz, uno de los aliados m\u00e1s colaborativos para el gobierno de Javier Milei, podr\u00eda retirar el apoyo de la senadora Flavia Roy\u00f3n para la eliminaci\u00f3n de las PASO. Cerca de la legisladora admitieron ante LPO que &#8220;est\u00e1 dispuesta a discutir modificaciones sobre las primarias pero no sacarlas&#8221;. &#8220;Se puede discutir la obligatoriedad o el [&hellip;]<\/p>\n","protected":false},"author":1,"featured_media":50172,"comment_status":"closed","ping_status":"closed","sticky":false,"template":"","format":"standard","meta":{"om_disable_all_campaigns":false,"_monsterinsights_skip_tracking":false,"_monsterinsights_sitenote_active":false,"_monsterinsights_sitenote_note":"","_monsterinsights_sitenote_category":0},"categories":[30],"tags":[],"aioseo_notices":[],"_links":{"self":[{"href":"https:\/\/cordobapolitica.com\/index.php?rest_route=\/wp\/v2\/posts\/50171"}],"collection":[{"href":"https:\/\/cordobapolitica.com\/index.php?rest_route=\/wp\/v2\/posts"}],"about":[{"href":"https:\/\/cordobapolitica.com\/index.php?rest_route=\/wp\/v2\/types\/post"}],"author":[{"embeddable":true,"href":"https:\/\/cordobapolitica.com\/index.php?rest_route=\/wp\/v2\/users\/1"}],"replies":[{"embeddable":true,"href":"https:\/\/cordobapolitica.com\/index.php?rest_route=%2Fwp%2Fv2%2Fcomments&post=50171"}],"version-history":[{"count":0,"href":"https:\/\/cordobapolitica.com\/index.php?rest_route=\/wp\/v2\/posts\/50171\/revisions"}],"wp:featuredmedia":[{"embeddable":true,"href":"https:\/\/cordobapolitica.com\/index.php?rest_route=\/wp\/v2\/media\/50172"}],"wp:attachment":[{"href":"https:\/\/cordobapolitica.com\/index.php?rest_route=%2Fwp%2Fv2%2Fmedia&parent=50171"}],"wp:term":[{"taxonomy":"category","embeddable":true,"href":"https:\/\/cordobapolitica.com\/index.php?rest_route=%2Fwp%2Fv2%2Fcategories&post=50171"},{"taxonomy":"post_tag","embeddable":true,"href":"https:\/\/cordobapolitica.com\/index.php?rest_route=%2Fwp%2Fv2%2Ftags&post=50171"}],"curies":[{"name":"wp","href":"https:\/\/api.w.org\/{rel}","templated":true}]}}