{"id":50159,"date":"2026-04-27T16:00:46","date_gmt":"2026-04-27T16:00:46","guid":{"rendered":"https:\/\/legislaturacba.gob.ar\/?p=128810"},"modified":"2026-04-27T16:00:46","modified_gmt":"2026-04-27T16:00:46","slug":"legislatura-el-ministro-de-desarrollo-social-y-promocion-de-empleo-brindo-detalles-sobre-los-lineamientos-de-su-cartera","status":"publish","type":"post","link":"https:\/\/cordobapolitica.com\/?p=50159","title":{"rendered":"Legislatura: el ministro de Desarrollo Social y Promoci\u00f3n de Empleo brind\u00f3 detalles sobre los lineamientos de su cartera"},"content":{"rendered":"<div><img src=\"http:\/\/cordobapolitica.com\/wp-content\/uploads\/2026\/04\/legislatura-el-ministro-de-desarrollo-social-y-promocion-de-empleo-brindo-detalles-sobre-los-lineamientos-de-su-cartera.jpg\" class=\"ff-og-image-inserted\"><\/div>\n<p>Este lunes, el ministro de <strong>Desarrollo Social y Promoci\u00f3n de Empleo <\/strong>de la Provincia de C\u00f3rdoba,&nbsp;<strong>Marcos Torres Lima<\/strong>, concurri\u00f3 a la Legislatura&nbsp;junto a funcionarios de su \u00e1rea, para informar sobre diversos aspectos relacionados a las <strong>pol\u00edticas p\u00fablicas<\/strong> y <strong>acciones de gobierno<\/strong> implementadas por su cartera.<\/p>\n<p>La exposici\u00f3n del ministro Torres Lima se llev\u00f3 a cabo durante la reuni\u00f3n de la&nbsp;<strong>Comisi\u00f3n de Desarrollo Social <\/strong>de la Unicameral cordobesa, presidida por&nbsp;el legislador&nbsp;<strong>Mariano Lorenzo<\/strong>, junto al vicepresidente de la misma,<strong> <\/strong>el legislador<strong> Daniel Juez.<\/strong><\/p>\n<p>De la reuni\u00f3n tambi\u00e9n particip\u00f3 el presidente provisorio de la Legislatura, <strong>Juan Manuel Llamosas<\/strong>, quien expres\u00f3: <em>\u201cEn este contexto de crisis aparece en toda su dimensi\u00f3n la necesidad de contar con las herramientas de un Estado presente. En ese sentido resulta fundamental el contacto directo de esa realidad de primera mano. Y en eso se est\u00e1 trabajando en C\u00f3rdoba, <strong>haciendo que las pol\u00edticas sociales lleguen a la gente gracias al acompa\u00f1amiento de todos los intendentes que se sienten escuchados\u201d.<\/strong><\/em><\/p>\n<figure class=\"wp-block-gallery columns-3 is-cropped\"><\/figure>\n<h4><strong>Contenci\u00f3n y asistencia social<\/strong><\/h4>\n<p>Para dar comienzo a la reuni\u00f3n, el ministro Torres Lima tambi\u00e9n destac\u00f3 el momento cr\u00edtico que vive el pa\u00eds, del cual C\u00f3rdoba no escapa. Por eso, aseguro, <em>\u201cpara nosotros, gobernar es <strong>administrar eficientemente las necesidades de la gente<\/strong> y ver <strong>c\u00f3mo optimizamos la llegada a los que m\u00e1s lo necesitan\u201d.<\/strong><\/em><\/p>\n<p>Por su parte, el secretario General de Desarrollo Social, <strong>Paulo Cassinerio<\/strong>, quien acompa\u00f1\u00f3 al ministro Torres Lima, expres\u00f3: <em>\u201cnuestra misi\u00f3n, en este contexto, es estar del lado de la gente, de las organizaciones, de las cooperativas, de los municipios, de los ciudadanos y de las familias que mas requieren nuestra ayuda. Un cordob\u00e9s que la est\u00e1 pasando mal, es un cordob\u00e9s que necesita ayuda del Estado. Por eso, <strong>tal como nos ha pedido nuestro gobernador Mart\u00edn Llaryora, nuestro gobierno debe estar del lado de la gente<\/strong>\u201d.<\/em><\/p>\n<figure class=\"wp-block-gallery columns-3 is-cropped\"><\/figure>\n<p>Posteriormente, el ministro brind\u00f3 detalles sobre la <strong>composici\u00f3n de su cartera<\/strong>, como as\u00ed tambi\u00e9n sobre los <strong>cursos federales<\/strong> y <strong>programas de empleo<\/strong> que llegan a los diferentes puntos del territorio provincial.<\/p>\n<p>En este sentido, el funcionario provincial destac\u00f3 los desaf\u00edos de su cartera en este contexto de crisis, en la que <strong>el gobierno provincial desarrolla y articula junto a los municipios, diferentes programas de contingencia y asistencia social<\/strong>. <em>\u201cTenemos como misi\u00f3n institucionalizar las ayudas para los municipios. Este ministerio es absolutamente federal, trabajamos en conjunto tambi\u00e9n con las instituciones y referentes locales\u201d.<\/em><\/p>\n<p>Adem\u00e1s, el ministro Torres Lima asegur\u00f3 que si bien el trabajo es arduo, los desaf\u00edos por delante son continuos e inacabados pero sin responder a ning\u00fan color pol\u00edtico. <em>\u201c<strong>La pol\u00edtica social no se venden y las necesidades no responden a ideolog\u00edas, por eso, este gobierno trabaja sin responder a bander\u00edas pol\u00edticas\u201d.<\/strong><\/em><\/p>\n<figure class=\"wp-block-gallery columns-3 is-cropped\"><\/figure>\n<p>Al finalizar la exposici\u00f3n,&nbsp;<strong>el funcionario provincial respondi\u00f3 las inquietudes de los legisladores<\/strong>, referidas al Programa AcceDer, el Fondo de Inclusi\u00f3n, al funcionamiento de las Salas Cuna y al Programa \u201cM\u00e1s Leche, M\u00e1s Prote\u00ednas\u201d, entre otros.<\/p>\n<p>Por su parte, los legisladores presentes agradecieron la visita de los funcionarios provinciales y destacaron el compromiso del ministro quien asegur\u00f3 que volver\u00e1 a la Legislatura <em>\u201clas veces que as\u00ed lo dispongan\u201d.<\/em><\/p>\n","protected":false},"excerpt":{"rendered":"<p>Este lunes, el ministro de Desarrollo Social y Promoci\u00f3n de Empleo de la Provincia de C\u00f3rdoba,&nbsp;Marcos Torres Lima, concurri\u00f3 a la Legislatura&nbsp;junto a funcionarios de su \u00e1rea, para informar sobre diversos aspectos relacionados a las pol\u00edticas p\u00fablicas y acciones de gobierno implementadas por su cartera. La exposici\u00f3n del ministro Torres Lima se llev\u00f3 a cabo [&hellip;]<\/p>\n","protected":false},"author":1,"featured_media":50160,"comment_status":"closed","ping_status":"closed","sticky":false,"template":"","format":"standard","meta":{"om_disable_all_campaigns":false,"_monsterinsights_skip_tracking":false,"_monsterinsights_sitenote_active":false,"_monsterinsights_sitenote_note":"","_monsterinsights_sitenote_category":0},"categories":[31],"tags":[],"aioseo_notices":[],"_links":{"self":[{"href":"https:\/\/cordobapolitica.com\/index.php?rest_route=\/wp\/v2\/posts\/50159"}],"collection":[{"href":"https:\/\/cordobapolitica.com\/index.php?rest_route=\/wp\/v2\/posts"}],"about":[{"href":"https:\/\/cordobapolitica.com\/index.php?rest_route=\/wp\/v2\/types\/post"}],"author":[{"embeddable":true,"href":"https:\/\/cordobapolitica.com\/index.php?rest_route=\/wp\/v2\/users\/1"}],"replies":[{"embeddable":true,"href":"https:\/\/cordobapolitica.com\/index.php?rest_route=%2Fwp%2Fv2%2Fcomments&post=50159"}],"version-history":[{"count":0,"href":"https:\/\/cordobapolitica.com\/index.php?rest_route=\/wp\/v2\/posts\/50159\/revisions"}],"wp:featuredmedia":[{"embeddable":true,"href":"https:\/\/cordobapolitica.com\/index.php?rest_route=\/wp\/v2\/media\/50160"}],"wp:attachment":[{"href":"https:\/\/cordobapolitica.com\/index.php?rest_route=%2Fwp%2Fv2%2Fmedia&parent=50159"}],"wp:term":[{"taxonomy":"category","embeddable":true,"href":"https:\/\/cordobapolitica.com\/index.php?rest_route=%2Fwp%2Fv2%2Fcategories&post=50159"},{"taxonomy":"post_tag","embeddable":true,"href":"https:\/\/cordobapolitica.com\/index.php?rest_route=%2Fwp%2Fv2%2Ftags&post=50159"}],"curies":[{"name":"wp","href":"https:\/\/api.w.org\/{rel}","templated":true}]}}