{"id":50157,"date":"2026-04-27T20:16:00","date_gmt":"2026-04-27T20:16:00","guid":{"rendered":"https:\/\/legislaturacba.gob.ar\/?p=128873"},"modified":"2026-04-27T20:16:00","modified_gmt":"2026-04-27T20:16:00","slug":"prunotto-participo-en-la-primera-edicion-de-la-noche-de-las-galerias-y-peatonales","status":"publish","type":"post","link":"https:\/\/cordobapolitica.com\/?p=50157","title":{"rendered":"Prunotto particip\u00f3 en la primera edici\u00f3n de \u201cLa Noche de las Galer\u00edas y Peatonales\u201d"},"content":{"rendered":"<p>La vicegobernadora de C\u00f3rdoba,<strong> Myrian Prunotto<\/strong>, <strong>particip\u00f3 en la primera edici\u00f3n de<\/strong> <strong>\u201cLa Noche de las Galer\u00edas y Peatonales\u201d<\/strong>, una propuesta destinada a revalorizar la zona peatonal de la ciudad de C\u00f3rdoba, a partir de una estrategia articulada entre los sectores p\u00fablico y privado.&nbsp;Gran cantidad de gente de todas las edades disfrut\u00f3 esta actividad nocturna y recorri\u00f3 las cuadras de la peatonal de calle 9 de Julio incluidas en la iniciativa, al tiempo que los comercios y las galer\u00edas que se sumaron abrieron sus puertas hasta la medianoche.<\/p>\n<figure class=\"wp-block-gallery columns-2 is-cropped\">\n<ul class=\"blocks-gallery-grid\">\n<li class=\"blocks-gallery-item\">\n<figure><img src=\"http:\/\/cordobapolitica.com\/wp-content\/uploads\/2026\/04\/prunotto-participo-en-la-primera-edicion-de-la-noche-de-las-galerias-y-peatonales.jpg\" alt data-id=\"128911\" data-full-url=\"https:\/\/legislaturacba.gob.ar\/wp-content\/uploads\/2026\/04\/Myrian-en-la-peatonal-1-scaled.jpg\" data-link=\"https:\/\/legislaturacba.gob.ar\/?attachment_id=128911\" class=\"wp-image-128911\"><\/figure>\n<\/li>\n<li class=\"blocks-gallery-item\">\n<figure><img src=\"http:\/\/cordobapolitica.com\/wp-content\/uploads\/2026\/04\/prunotto-participo-en-la-primera-edicion-de-la-noche-de-las-galerias-y-peatonales-1.jpg\" alt data-id=\"128910\" data-full-url=\"https:\/\/legislaturacba.gob.ar\/wp-content\/uploads\/2026\/04\/Peatonal-scaled.jpg\" data-link=\"https:\/\/legislaturacba.gob.ar\/?attachment_id=128910\" class=\"wp-image-128910\"><\/figure>\n<\/li>\n<\/ul>\n<\/figure>\n<p>Esta propuesta, destinada a vecinos, visitantes y familias, fue organizada<strong> por los comercios de la calle 9 de Julio junto a la C\u00e1mara de Comercio de C\u00f3rdoba y el Centro Vecinal de barrio Centro<\/strong>, con el apoyo de la Agencia C\u00f3rdoba Cultura, la Municipalidad capitalina y el Ministerio de Vinculaci\u00f3n y Gesti\u00f3n Institucional provincial, entre otros.<\/p>\n<p>En su recorrida por la peatonal c\u00e9ntrica,<strong> la vicegobernadora tuvo la oportunidad de presenciar la actuaci\u00f3n del Coro de la Legislatura<\/strong> en un espacio dispuesto en la galer\u00eda V\u00eda Nueva. Esta agrupaci\u00f3n coral que representa a la Unicameral cordobesa interpret\u00f3 seis canciones de su repertorio de m\u00fasica popular argentina y latinoamericana, bajo la direcci\u00f3n de <strong>Alejandra Seimandi<\/strong> y con la participaci\u00f3n en el piano del director de Asuntos Culturales y Patrimoniales de la Legislatura, <strong>Federico Menis<\/strong>.<\/p>\n<figure class=\"wp-block-gallery columns-3 is-cropped\"><\/figure>\n<p>Adem\u00e1s, <strong>Prunotto visit\u00f3 distintos espacios habilitados y asisti\u00f3 a otras propuestas art\u00edsticas<\/strong>. Estuvo acompa\u00f1ada por el presidente de la Agencia C\u00f3rdoba Cultura, <strong>Marcelo Rodio<\/strong>; el director de Vinculaci\u00f3n y Gesti\u00f3n Institucional de la Legislatura, <strong>Gonzalo Salvetti<\/strong>; y el presidente del Centro Vecinal de Barrio Centro, <strong>David Boffa<\/strong>, adem\u00e1s de referentes del sector comercial de la zona.<\/p>\n<p>Esta singular actividad se desarroll\u00f3 a lo largo de varias cuadras de la c\u00e9ntrica peatonal 9 de Julio de la ciudad Capital, entre calles San Mart\u00edn y Jujuy, lo que permiti\u00f3 <strong>poner en valor espacios hist\u00f3ricos y lugares referentes del centro de la Docta,<\/strong> convirtiendo a&nbsp; la zona en un amplio corredor cultural y comercial.<\/p>\n<figure class=\"wp-block-gallery columns-2 is-cropped\">\n<ul class=\"blocks-gallery-grid\">\n<li class=\"blocks-gallery-item\">\n<figure><img src=\"http:\/\/cordobapolitica.com\/wp-content\/uploads\/2026\/04\/prunotto-participo-en-la-primera-edicion-de-la-noche-de-las-galerias-y-peatonales-2.jpg\" alt data-id=\"128874\" data-full-url=\"http:\/\/cordobapolitica.com\/wp-content\/uploads\/2026\/04\/prunotto-participo-en-la-primera-edicion-de-la-noche-de-las-galerias-y-peatonales-2.jpg\" data-link=\"https:\/\/legislaturacba.gob.ar\/?attachment_id=128874\" class=\"wp-image-128874\"><\/figure>\n<\/li>\n<li class=\"blocks-gallery-item\">\n<figure><img src=\"http:\/\/cordobapolitica.com\/wp-content\/uploads\/2026\/04\/prunotto-participo-en-la-primera-edicion-de-la-noche-de-las-galerias-y-peatonales-3.jpg\" alt data-id=\"128876\" data-full-url=\"http:\/\/cordobapolitica.com\/wp-content\/uploads\/2026\/04\/prunotto-participo-en-la-primera-edicion-de-la-noche-de-las-galerias-y-peatonales-3.jpg\" data-link=\"https:\/\/legislaturacba.gob.ar\/?attachment_id=128876\" class=\"wp-image-128876\"><\/figure>\n<\/li>\n<\/ul>\n<\/figure>\n<h4><strong>Revalorizar la zona peatonal<\/strong><\/h4>\n<p>La actividad permiti\u00f3 que los comercios ofrezcan promociones especiales, descuentos y planes de financiaci\u00f3n, al tiempo que los espacios culturales y museos c\u00e9ntricos del Gobierno provincial y de la Municipalidad de C\u00f3rdoba desarrollaron actividades para ampliar la oferta disponible, que incluyeron visitas guiadas.<\/p>\n<p>La propuesta art\u00edstica contempl\u00f3 una grilla diversa. Adem\u00e1s del Coro de la Legislatura y de otras agrupaciones corales, hubo lugar para las puestas de danza con la participaci\u00f3n de colectividades, intervenciones teatrales y circenses, grupos musicales, exposici\u00f3n de autos antiguos, desfile del A\u00f1o Nuevo Chino (con sus tradicionales dragones) y tambi\u00e9n n\u00fameros para las infancias.<\/p>\n<figure class=\"wp-block-gallery columns-3 is-cropped\"><\/figure>\n","protected":false},"excerpt":{"rendered":"<p>La vicegobernadora de C\u00f3rdoba, Myrian Prunotto, particip\u00f3 en la primera edici\u00f3n de \u201cLa Noche de las Galer\u00edas y Peatonales\u201d, una propuesta destinada a revalorizar la zona peatonal de la ciudad de C\u00f3rdoba, a partir de una estrategia articulada entre los sectores p\u00fablico y privado.&nbsp;Gran cantidad de gente de todas las edades disfrut\u00f3 esta actividad nocturna [&hellip;]<\/p>\n","protected":false},"author":1,"featured_media":50158,"comment_status":"closed","ping_status":"closed","sticky":false,"template":"","format":"standard","meta":{"om_disable_all_campaigns":false,"_monsterinsights_skip_tracking":false,"_monsterinsights_sitenote_active":false,"_monsterinsights_sitenote_note":"","_monsterinsights_sitenote_category":0},"categories":[31],"tags":[],"aioseo_notices":[],"_links":{"self":[{"href":"https:\/\/cordobapolitica.com\/index.php?rest_route=\/wp\/v2\/posts\/50157"}],"collection":[{"href":"https:\/\/cordobapolitica.com\/index.php?rest_route=\/wp\/v2\/posts"}],"about":[{"href":"https:\/\/cordobapolitica.com\/index.php?rest_route=\/wp\/v2\/types\/post"}],"author":[{"embeddable":true,"href":"https:\/\/cordobapolitica.com\/index.php?rest_route=\/wp\/v2\/users\/1"}],"replies":[{"embeddable":true,"href":"https:\/\/cordobapolitica.com\/index.php?rest_route=%2Fwp%2Fv2%2Fcomments&post=50157"}],"version-history":[{"count":0,"href":"https:\/\/cordobapolitica.com\/index.php?rest_route=\/wp\/v2\/posts\/50157\/revisions"}],"wp:featuredmedia":[{"embeddable":true,"href":"https:\/\/cordobapolitica.com\/index.php?rest_route=\/wp\/v2\/media\/50158"}],"wp:attachment":[{"href":"https:\/\/cordobapolitica.com\/index.php?rest_route=%2Fwp%2Fv2%2Fmedia&parent=50157"}],"wp:term":[{"taxonomy":"category","embeddable":true,"href":"https:\/\/cordobapolitica.com\/index.php?rest_route=%2Fwp%2Fv2%2Fcategories&post=50157"},{"taxonomy":"post_tag","embeddable":true,"href":"https:\/\/cordobapolitica.com\/index.php?rest_route=%2Fwp%2Fv2%2Ftags&post=50157"}],"curies":[{"name":"wp","href":"https:\/\/api.w.org\/{rel}","templated":true}]}}