{"id":50146,"date":"2026-04-27T16:14:30","date_gmt":"2026-04-27T16:14:30","guid":{"rendered":"http:\/\/38fc90359ea08c3cc3b007c54e3429b1"},"modified":"2026-04-27T16:14:30","modified_gmt":"2026-04-27T16:14:30","slug":"jaldo-rechaza-la-eliminacion-de-las-paso-y-el-gobierno-queda-lejos-de-conseguir-los-votos","status":"publish","type":"post","link":"https:\/\/cordobapolitica.com\/?p=50146","title":{"rendered":"Jaldo rechaza la eliminaci\u00f3n de las PASO y el gobierno queda lejos de conseguir los votos"},"content":{"rendered":"<p><img src=\"http:\/\/cordobapolitica.com\/wp-content\/uploads\/2026\/04\/jaldo-rechaza-la-eliminacion-de-las-paso-y-el-gobierno-queda-lejos-de-conseguir-los-votos.jpg\"><\/p>\n<div><img src=\"http:\/\/cordobapolitica.com\/wp-content\/uploads\/2026\/04\/jaldo-rechaza-la-eliminacion-de-las-paso-y-el-gobierno-queda-lejos-de-conseguir-los-votos-2.jpg\" class=\"ff-og-image-inserted\"><\/div>\n<p>El tucumano Osvaldo Jaldo confirm\u00f3 que no acompa\u00f1ar\u00e1 al gobierno nacional en su intento de eliminar las PASO y el oficialismo est\u00e1 cada vez m\u00e1s lejos de conseguir los votos para aprobar la reforma electoral sin cambios.<\/p>\n<p>El gobernador de Tucum\u00e1n declar\u00f3 este lunes que &#8220;no est\u00e1 para nada de acuerdo&#8221; con el proyecto de eliminaci\u00f3n de las primarias &#8220;porque es un traje a medida de la Libertad Avanza hecho por el mejor sastre de Capital Federal&#8221;.&nbsp;&#8220;Eliminar las PASO es en perjuicio de todos los partidos pol\u00edticos, pero fundamentalmente de los ciudadanos porque votan y quieren participar por lo que hay que darle herramientas que son las Primarias&#8221;, afirm\u00f3.<\/p>\n<p>Los dichos de Jaldo confirman que sus tres diputados nacionales y su senadora Sandra Mendoza no acompa\u00f1ar\u00e1n el proyecto del gobierno y se suman al peronismo y&nbsp;otros sectores que ya anticiparon diferencias con el texto como el radicalismo y el PRO.&nbsp;<\/p>\n<p><a href=\"https:\/\/www.lapoliticaonline.com\/tools\/redirect.php?t=3&amp;i=344343&amp;s=3097edd777876c9f13b2561d538bd31a\" target=\"_blank\" class=\"link-type-content content-type-noticia-ar\" rel=\"noopener\">Bullrich cede lugares al peronismo en comisiones claves para juntar votos para eliminar las PASO<\/a><\/p>\n<p>En el gobierno admiten que todav\u00eda no tienen los votos y por ahora apuestan a negociar con Maximiliano Pullaro y Mart\u00edn Llaryora para conseguir el respaldo a cambio de no plantarles listas competitivas en sus distritos en 2027, una promesa que nadie asegura que se cumplir\u00e1 por lo que llamar\u00eda la atenci\u00f3n que los gobernadores acepten.<\/p>\n<p>En paralelo, Patricia Bullrich <a href=\"https:\/\/www.lapoliticaonline.com\/congreso\/por-la-reforma-politica-bullrich-accedio-a-reconocerle-lugares-al-peronismo-que-no-concedio-para-los-pliegos-de-jueces\/\" target=\"_blank\" rel=\"noopener\">intenta seducir a los senadores peronistas<\/a> para que acepten al menos la modificaci\u00f3n del reglamento de la Boleta \u00danica de Papel, para que se establezca la validez del tilde en el primer tramo para producir efecto arrastre en el resto de la tira. <\/p>\n<p>La definici\u00f3n de Jaldo tambi\u00e9n pone la expectativa sobre la postura que tomar\u00e1n sus aliados Ra\u00fal Jalil (Catamarca) y Gustavo S\u00e1enz (Salta). Los dos gobernadores inciden en el voto de los senadores&nbsp;Carolina Mois\u00e9s y Guillermo Andrada y Flavia Roy\u00f3n, otros tres votos claves para la Rosada.<\/p>\n<p>En el entorno de Jalil dijeron a LPO que todav\u00eda no hay definici\u00f3n sobre la postura del gobernador. Lo mismo dicen en Salta sobre la posici\u00f3n de S\u00e1enz, aunque cerca de la senadora Roy\u00f3n dicen que aceptar\u00eda discutir cambios en las PASO -como en la obligatoriedad o el financiamiento- pero no apoya su eliminaci\u00f3n.<\/p>\n","protected":false},"excerpt":{"rendered":"<p>El tucumano Osvaldo Jaldo confirm\u00f3 que no acompa\u00f1ar\u00e1 al gobierno nacional en su intento de eliminar las PASO y el oficialismo est\u00e1 cada vez m\u00e1s lejos de conseguir los votos para aprobar la reforma electoral sin cambios. El gobernador de Tucum\u00e1n declar\u00f3 este lunes que &#8220;no est\u00e1 para nada de acuerdo&#8221; con el proyecto de [&hellip;]<\/p>\n","protected":false},"author":1,"featured_media":50147,"comment_status":"closed","ping_status":"closed","sticky":false,"template":"","format":"standard","meta":{"om_disable_all_campaigns":false,"_monsterinsights_skip_tracking":false,"_monsterinsights_sitenote_active":false,"_monsterinsights_sitenote_note":"","_monsterinsights_sitenote_category":0},"categories":[30],"tags":[],"aioseo_notices":[],"_links":{"self":[{"href":"https:\/\/cordobapolitica.com\/index.php?rest_route=\/wp\/v2\/posts\/50146"}],"collection":[{"href":"https:\/\/cordobapolitica.com\/index.php?rest_route=\/wp\/v2\/posts"}],"about":[{"href":"https:\/\/cordobapolitica.com\/index.php?rest_route=\/wp\/v2\/types\/post"}],"author":[{"embeddable":true,"href":"https:\/\/cordobapolitica.com\/index.php?rest_route=\/wp\/v2\/users\/1"}],"replies":[{"embeddable":true,"href":"https:\/\/cordobapolitica.com\/index.php?rest_route=%2Fwp%2Fv2%2Fcomments&post=50146"}],"version-history":[{"count":0,"href":"https:\/\/cordobapolitica.com\/index.php?rest_route=\/wp\/v2\/posts\/50146\/revisions"}],"wp:featuredmedia":[{"embeddable":true,"href":"https:\/\/cordobapolitica.com\/index.php?rest_route=\/wp\/v2\/media\/50147"}],"wp:attachment":[{"href":"https:\/\/cordobapolitica.com\/index.php?rest_route=%2Fwp%2Fv2%2Fmedia&parent=50146"}],"wp:term":[{"taxonomy":"category","embeddable":true,"href":"https:\/\/cordobapolitica.com\/index.php?rest_route=%2Fwp%2Fv2%2Fcategories&post=50146"},{"taxonomy":"post_tag","embeddable":true,"href":"https:\/\/cordobapolitica.com\/index.php?rest_route=%2Fwp%2Fv2%2Ftags&post=50146"}],"curies":[{"name":"wp","href":"https:\/\/api.w.org\/{rel}","templated":true}]}}