{"id":50114,"date":"2026-04-26T21:24:31","date_gmt":"2026-04-26T21:24:31","guid":{"rendered":"https:\/\/cordobapolitica.com\/?p=50114"},"modified":"2026-04-26T21:24:31","modified_gmt":"2026-04-26T21:24:31","slug":"el-pj-cordobes-cierra-filas-llaryora-logro-la-unidad-partidaria-con-una-sola-interna-en-toda-la-provincia","status":"publish","type":"post","link":"https:\/\/cordobapolitica.com\/?p=50114","title":{"rendered":"El PJ cordob\u00e9s cierra filas: Llaryora logr\u00f3 la unidad partidaria con una sola interna en toda la provincia"},"content":{"rendered":"<div class=\"media_block\"><\/div>\n<div><img src=\"http:\/\/cordobapolitica.com\/wp-content\/uploads\/2026\/04\/el-pj-cordobes-cierra-filas-llaryora-logro-la-unidad-partidaria-con-una-sola-interna-en-toda-la-provincia.jpg\" class=\"ff-og-image-inserted\"><\/div>\n<p>El peronismo cordob\u00e9s llega a su <strong>proceso de renovaci\u00f3n de autoridades con un dato pol\u00edtico central: pr\u00e1cticamente no habr\u00e1 internas.<\/strong> El gobernador Mart\u00edn Llaryora impuls\u00f3 durante meses un trabajo de construcci\u00f3n de consensos que deriv\u00f3 en listas de unidad en la casi totalidad de los circuitos que componen el Partido Justicialista provincial. La<strong> excepci\u00f3n es R\u00edo Ceballos<\/strong>, donde el 3 de mayo se medir\u00e1n dos listas.<\/p>\n<p>El proceso, que incluy\u00f3 elecciones internas en cada circuito, listas congresales provinciales y nacionales, cerr\u00f3 con un acuerdo que el propio partido calific\u00f3 como &#8220;consenso absoluto&#8221; en la mayor\u00eda de los distritos.<\/p>\n<p>&#8220;Sirve como una<strong> base de sustentaci\u00f3n para lograr la unidad y lograr listas de consenso y evitar internas en la elecci\u00f3n del a\u00f1o que viene, del 2027<\/strong>, en cada circuito, y por supuesto apoyando la lista de nuestro gobernador a nivel provincial&#8221;, explic\u00f3 Facundo Torres -el arquitecto de esta renovaci\u00f3n sin mayores dolores de cabeza-.<\/p>\n<h2>Un trabajo que arranc\u00f3 antes del verano<\/h2>\n<p>La estrategia no fue improvisada. El dirigente de Alta Gracia, presidente del PJ cordob\u00e9s, relat\u00f3 que e<strong>l operativo pol\u00edtico comenz\u00f3 en 2024 <\/strong>y se profundiz\u00f3 desde el 1\u00b0 de febrero de este a\u00f1o. &#8220;Fuimos a uno o dos departamentos por semana con los referentes territoriales, con los intendentes, con las autoridades partidarias, tratando de pregonar esto que finalmente se consolid\u00f3&#8221;, explic\u00f3 Torres.<\/p>\n<p class=\"destacadoNota\"><a target=\"_blank\" href=\"https:\/\/www.perfil.com\/noticias\/cordoba\/torres-alineo-a-la-tropa-peronista-cordobesa-lista-unica-en-los-26-departamentos-rumbo-a-la-reeleccion-de-llaryora.phtml\" rel=\"noopener\">Torres aline\u00f3 a la tropa peronista cordobesa: lista \u00fanica en los 26 departamentos rumbo a la reelecci\u00f3n de Llaryora<\/a><\/p>\n<p>El objetivo declarado desde el inicio fue evitar disputas que debilitaran al partido de cara a las elecciones de 2027. Para eso, Torres trabaj\u00f3 junto a la secretaria del partido, Romina Montemartini, los apoderados Ramiro S\u00e1nchez y Mat\u00edas Altamira, y el legislador Abraham Gallo.<\/p>\n<p>&#8220;<strong>Hubo un equipo desde el partido que trabaj\u00f3 y que de alguna manera logr\u00f3 esto <\/strong>que para nosotros era importante&#8221;, se\u00f1al\u00f3 Torres, que subray\u00f3 que el m\u00e9rito no fue individual.<\/p>\n<h2>Llaryora, conducci\u00f3n por cuatro a\u00f1os<\/h2>\n<p>La renovaci\u00f3n de autoridades tiene como <strong>eje central la conducci\u00f3n de Llaryora al frente del partido<\/strong> por los pr\u00f3ximos cuatro a\u00f1os. El gobernador ten\u00eda la opci\u00f3n de prorrogar los mandatos partidarios vigentes, pero opt\u00f3 por convocar a elecciones internas. La decisi\u00f3n, seg\u00fan Torres, fue &#8220;un acierto&#8221;.<\/p>\n<p>&#8220;Esto fue una decisi\u00f3n del gobernador, pero me parece que fue un acierto llevar adelante este proceso&#8221;, afirm\u00f3 el presidente del partido. La apuesta es proyectar al PJ cordob\u00e9s hacia 2027 con una estructura ordenada, sin fracturas internas visibles y con Llaryora como referencia pol\u00edtica consolidada a nivel provincial.<\/p>\n<p>Adem\u00e1s de la unidad, el proceso deja otra marca: el relevo generacional. Torres se\u00f1al\u00f3 que en muchos circuitos quienes hoy ocupan los lugares de conducci\u00f3n \u2014intendentes, funcionarios provinciales, autoridades partidarias\u2014 pertenecen a una generaci\u00f3n distinta a la que dominaba la estructura hace algunos a\u00f1os. &#8220;Esto no quiere decir que no haya dentro de la estructura dirigentes importantes que a\u00fan siguen vigentes&#8221;, aclar\u00f3 Torres, pero reconoci\u00f3 que el partido busca &#8220;dar el lugar a lo nuevo&#8221;.<\/p>\n<p>Ese recambio, seg\u00fan el presidente del PJ, se ir\u00e1 expresando tambi\u00e9n en la discusi\u00f3n de candidaturas para las intendencias en 2027. Con las autoridades partidarias renovadas y las listas congresales acordadas, el PJ cordob\u00e9s entra en una etapa de consolidaci\u00f3n interna. El desaf\u00edo que sigue es trasladar esa unidad al armado de candidaturas para las elecciones municipales y legislativas del a\u00f1o pr\u00f3ximo, donde el partido buscar\u00e1 proyectar el liderazgo de Llaryora m\u00e1s all\u00e1 de la gesti\u00f3n provincial.<\/p>\n","protected":false},"excerpt":{"rendered":"<p>El peronismo cordob\u00e9s llega a su proceso de renovaci\u00f3n de autoridades con un dato pol\u00edtico central: pr\u00e1cticamente no habr\u00e1 internas. El gobernador Mart\u00edn Llaryora impuls\u00f3 durante meses un trabajo de construcci\u00f3n de consensos que deriv\u00f3 en listas de unidad en la casi totalidad de los circuitos que componen el Partido Justicialista provincial. La excepci\u00f3n es [&hellip;]<\/p>\n","protected":false},"author":1,"featured_media":50115,"comment_status":"closed","ping_status":"closed","sticky":false,"template":"","format":"standard","meta":{"om_disable_all_campaigns":false,"_monsterinsights_skip_tracking":false,"_monsterinsights_sitenote_active":false,"_monsterinsights_sitenote_note":"","_monsterinsights_sitenote_category":0},"categories":[30],"tags":[],"aioseo_notices":[],"_links":{"self":[{"href":"https:\/\/cordobapolitica.com\/index.php?rest_route=\/wp\/v2\/posts\/50114"}],"collection":[{"href":"https:\/\/cordobapolitica.com\/index.php?rest_route=\/wp\/v2\/posts"}],"about":[{"href":"https:\/\/cordobapolitica.com\/index.php?rest_route=\/wp\/v2\/types\/post"}],"author":[{"embeddable":true,"href":"https:\/\/cordobapolitica.com\/index.php?rest_route=\/wp\/v2\/users\/1"}],"replies":[{"embeddable":true,"href":"https:\/\/cordobapolitica.com\/index.php?rest_route=%2Fwp%2Fv2%2Fcomments&post=50114"}],"version-history":[{"count":0,"href":"https:\/\/cordobapolitica.com\/index.php?rest_route=\/wp\/v2\/posts\/50114\/revisions"}],"wp:featuredmedia":[{"embeddable":true,"href":"https:\/\/cordobapolitica.com\/index.php?rest_route=\/wp\/v2\/media\/50115"}],"wp:attachment":[{"href":"https:\/\/cordobapolitica.com\/index.php?rest_route=%2Fwp%2Fv2%2Fmedia&parent=50114"}],"wp:term":[{"taxonomy":"category","embeddable":true,"href":"https:\/\/cordobapolitica.com\/index.php?rest_route=%2Fwp%2Fv2%2Fcategories&post=50114"},{"taxonomy":"post_tag","embeddable":true,"href":"https:\/\/cordobapolitica.com\/index.php?rest_route=%2Fwp%2Fv2%2Ftags&post=50114"}],"curies":[{"name":"wp","href":"https:\/\/api.w.org\/{rel}","templated":true}]}}