{"id":50103,"date":"2026-04-23T16:25:00","date_gmt":"2026-04-23T16:25:00","guid":{"rendered":"https:\/\/www.ambito.com\/ambito-nacional\/emergencia-hidrica-santa-fe-lanza-creditos-casi-18-mil-millones-asistir-productores-n6270092"},"modified":"2026-04-23T16:25:00","modified_gmt":"2026-04-23T16:25:00","slug":"emergencia-hidrica-santa-fe-lanza-creditos-por-casi-18-mil-millones-para-asistir-a-productores","status":"publish","type":"post","link":"https:\/\/cordobapolitica.com\/?p=50103","title":{"rendered":"Emergencia h\u00eddrica: Santa Fe lanza cr\u00e9ditos por casi $18 mil millones para asistir a productores"},"content":{"rendered":"<p><img src=\"http:\/\/cordobapolitica.com\/wp-content\/uploads\/2026\/04\/emergencia-hidrica-santa-fe-lanza-creditos-por-casi-18-mil-millones-para-asistir-a-productores.jpg\"><\/p>\n<div><img src=\"http:\/\/cordobapolitica.com\/wp-content\/uploads\/2026\/04\/emergencia-hidrica-santa-fe-lanza-creditos-por-casi-18-mil-millones-para-asistir-a-productores.jpg\" class=\"ff-og-image-inserted\"><\/div>\n<div id>\n<p id=\"p-1776960185476-56830\">El gobierno de <strong>Santa Fe <\/strong>anunci\u00f3 este jueves el <a href=\"https:\/\/www.ambito.com\/ambito-nacional\/santa-fe-les-cobrara-los-operativos-policiales-quienes-realicen-amenazas-escuelas-n6268742\" target=\"_blank\" rel=\"follow noopener\">lanzamiento de una l\u00ednea de cr\u00e9ditos<\/a> por casi $<strong>18 mil millones <\/strong>para asistir a los productores agropecuarios afectados por la <a href=\"https:\/\/www.ambito.com\/economia\/las-inundaciones-arrasaron-la-produccion-horticola-santa-fe-y-anticipan-suba-precios-n6268401\" target=\"_blank\" rel=\"follow noopener\">emergencia h\u00eddrica<\/a>. Es parte de un paquete de auxilio que combina financiamiento productivo, asistencia directa y obras de infraestructura.<\/p>\n<\/div>\n<div id>\n<p id=\"p-1776960185476-60521\">La vocera de la gesti\u00f3n santafesina, <strong>Virginia Coudannes<\/strong>, dio a conocer el lanzamiento de <strong>cuatro l\u00edneas de cr\u00e9dito por un total de $17.960 millones<\/strong>, junto con la declaraci\u00f3n de la emergencia agropecuaria en los departamentos 9 de Julio, Vera y General Obligado.<\/p>\n<\/div>\n<div id>\n<p id=\"p-1776960185476-79540\">\u201cSe trata de herramientas con tasas muy favorables para los productores, en un contexto complejo, para sostener el desarrollo econ\u00f3mico-productivo, que es el motor de la provincia\u201d, se\u00f1al\u00f3 Coudannes.<\/p>\n<\/div>\n<div id>\n<p id=\"p-1776960185476-78341\">Las l\u00edneas de financiamiento est\u00e1n destinadas a productores y cooperativas afectadas por eventos clim\u00e1ticos adversos. Se instrumentan a trav\u00e9s del <strong>Nuevo Banco de Santa Fe y el Consejo Federal de Inversiones (CFI), <\/strong>con condiciones que incluyen plazos de hasta 36 meses, per\u00edodos de gracia y una tasa final del 20 % anual, subsidiada por la Provincia.<\/p>\n<\/div>\n<div id>\n<p id=\"p-1776960185476-30374\"> En el caso de los productores, se contemplan cr\u00e9ditos para capital de trabajo <strong>-con un cupo de $ 4.000 millones y hasta $ 100 millones por beneficiario- <\/strong>y para inversiones productivas, <strong>con un fondo de $5.000 millones<\/strong> y un tope de <strong>$400 millones por solicitante<\/strong>. A su vez, se dispuso una l\u00ednea espec\u00edfica para cooperativas el\u00e9ctricas, con un cupo de <strong>$690 millones<\/strong>, orientada a sostener la infraestructura energ\u00e9tica en zonas afectadas.<\/p>\n<p id=\"p-1776960185476-27981\">La funcionaria destac\u00f3 que estas medidas se complementan <strong>con la declaraci\u00f3n de emergencia agropecuaria y con el trabajo articulado con gobiernos locales y actores territoriales para atender las urgencias del sector.<\/strong><\/p>\n<p id=\"p-1776960185476-86261\">En paralelo, Santa Fe sostiene un operativo integral en las zonas m\u00e1s comprometidas por las lluvias, especialmente en el norte santafesino. En localidades como <strong>Villa Minetti<\/strong>, donde persisten las precipitaciones, se despliegan equipos de distintas \u00e1reas para atender la situaci\u00f3n.<\/p>\n<p id=\"p-1776960185476-62260\"><strong> \u201cTodos los equipos de Salud est\u00e1n trabajando en territorio con acciones de prevenci\u00f3n, control sanitario y vacunaci\u00f3n\u201d,<\/strong> explic\u00f3 Coudannes. En ese marco, ya se relevaron m\u00e1s de 300 viviendas y se asisti\u00f3 a m\u00e1s de 700 personas, con campa\u00f1as orientadas al uso seguro del agua, la manipulaci\u00f3n de residuos y la prevenci\u00f3n de enfermedades.<\/p>\n<p id=\"p-1776960185476-15988\">Asimismo, se mantiene la asistencia social a trav\u00e9s de la provisi\u00f3n de alimentos, frazadas, colchones y kits de limpieza, en coordinaci\u00f3n con municipios y referentes locales. \u201cSe trata de acompa\u00f1ar a todas las familias que atraviesan esta situaci\u00f3n y necesitan estos insumos b\u00e1sicos\u201d, a\u00f1adi\u00f3 la vocera.<\/p>\n<\/p><\/div>\n","protected":false},"excerpt":{"rendered":"<p>El gobierno de Santa Fe anunci\u00f3 este jueves el lanzamiento de una l\u00ednea de cr\u00e9ditos por casi $18 mil millones para asistir a los productores agropecuarios afectados por la emergencia h\u00eddrica. Es parte de un paquete de auxilio que combina financiamiento productivo, asistencia directa y obras de infraestructura. La vocera de la gesti\u00f3n santafesina, Virginia [&hellip;]<\/p>\n","protected":false},"author":1,"featured_media":50104,"comment_status":"closed","ping_status":"closed","sticky":false,"template":"","format":"standard","meta":{"om_disable_all_campaigns":false,"_monsterinsights_skip_tracking":false,"_monsterinsights_sitenote_active":false,"_monsterinsights_sitenote_note":"","_monsterinsights_sitenote_category":0},"categories":[3],"tags":[],"aioseo_notices":[],"_links":{"self":[{"href":"https:\/\/cordobapolitica.com\/index.php?rest_route=\/wp\/v2\/posts\/50103"}],"collection":[{"href":"https:\/\/cordobapolitica.com\/index.php?rest_route=\/wp\/v2\/posts"}],"about":[{"href":"https:\/\/cordobapolitica.com\/index.php?rest_route=\/wp\/v2\/types\/post"}],"author":[{"embeddable":true,"href":"https:\/\/cordobapolitica.com\/index.php?rest_route=\/wp\/v2\/users\/1"}],"replies":[{"embeddable":true,"href":"https:\/\/cordobapolitica.com\/index.php?rest_route=%2Fwp%2Fv2%2Fcomments&post=50103"}],"version-history":[{"count":0,"href":"https:\/\/cordobapolitica.com\/index.php?rest_route=\/wp\/v2\/posts\/50103\/revisions"}],"wp:featuredmedia":[{"embeddable":true,"href":"https:\/\/cordobapolitica.com\/index.php?rest_route=\/wp\/v2\/media\/50104"}],"wp:attachment":[{"href":"https:\/\/cordobapolitica.com\/index.php?rest_route=%2Fwp%2Fv2%2Fmedia&parent=50103"}],"wp:term":[{"taxonomy":"category","embeddable":true,"href":"https:\/\/cordobapolitica.com\/index.php?rest_route=%2Fwp%2Fv2%2Fcategories&post=50103"},{"taxonomy":"post_tag","embeddable":true,"href":"https:\/\/cordobapolitica.com\/index.php?rest_route=%2Fwp%2Fv2%2Ftags&post=50103"}],"curies":[{"name":"wp","href":"https:\/\/api.w.org\/{rel}","templated":true}]}}