{"id":50098,"date":"2026-04-25T15:26:53","date_gmt":"2026-04-25T15:26:53","guid":{"rendered":"http:\/\/dbc365f647d754661f5cf654f9db1e61"},"modified":"2026-04-25T15:26:53","modified_gmt":"2026-04-25T15:26:53","slug":"en-uruguay-tambien-crece-la-bronca-por-el-decreto-de-sturzenegger-que-elimina-el-practicaje-en-los-buques","status":"publish","type":"post","link":"https:\/\/cordobapolitica.com\/?p=50098","title":{"rendered":"En Uruguay tambi\u00e9n crece la bronca por el decreto de Sturzenegger que elimina el practicaje en los buques"},"content":{"rendered":"<p><img src=\"http:\/\/cordobapolitica.com\/wp-content\/uploads\/2026\/04\/en-uruguay-tambien-crece-la-bronca-por-el-decreto-de-sturzenegger-que-elimina-el-practicaje-en-los-buques.jpg\"><\/p>\n<p>La Corporaci\u00f3n Uruguaya de Pr\u00e1cticos del R\u00edo Uruguay expres\u00f3 su &#8220;gran preocupaci\u00f3n&#8221; ante el proyecto de decreto que modifica el r\u00e9gimen del servicio de practicaje y pilotaje, una actividad clave para la navegaci\u00f3n en puertos y v\u00edas fluviales del R\u00edo de la Plata.<\/p>\n<p>LPO <a href=\"https:\/\/www.lapoliticaonline.com\/politica\/armada\/\">adelant\u00f3<\/a> en exclusivo que la iniciativa busca reducir costos en el comercio exterior, aunque abre interrogantes y genera m\u00e1xima preocupaci\u00f3n en la Armada sobre su impacto en la seguridad y en el esquema laboral del sector dado que permite la libre navegaci\u00f3n de buques de empresas extranjeras.&nbsp;<\/p>\n<p>El enojo con el decreto comenz\u00f3 &nbsp;por la afectaci\u00f3n directa a los marinos y la nula consulta al ministerio de Defensa y, como <a href=\"https:\/\/www.lapoliticaonline.com\/politica\/furia-de-los-empresarios-con-sturzenegger-por-el-decreto-que-elimina-el-practicaje\/\">revel\u00f3<\/a> en exclusivo, a los empresarios del sector que consideran que el ministerio de Milei &#8220;intenta regular un sector que no conoce&#8221;.<\/p>\n<p>Ahora, a trav\u00e9s de una carta enviada el 24 de abril al presidente de la delegaci\u00f3n uruguaya ante la Comisi\u00f3n Administradora del R\u00edo de la Plata (CARP), Daniel Montiel, a la que accedi\u00f3 LPO, la entidad advirti\u00f3 que la iniciativa -actualmente en etapas finales de aprobaci\u00f3n- podr\u00eda tener consecuencias negativas tanto en la seguridad de la navegaci\u00f3n como en el comercio exterior uruguayo.&nbsp;<\/p>\n<p><a href=\"https:\/\/www.lapoliticaonline.com\/tools\/redirect.php?t=3&amp;i=343287&amp;s=66e09300db992abb8e90da5c847b73a1\" class=\"link-type-content content-type-noticia-ar\">Furia de los empresarios con Sturzenegger por el decreto que elimina el practicaje en los buques<\/a><\/p>\n<p>Seg\u00fan el documento, los cambios propuestos afectar\u00edan no solo a los accesos a puertos argentinos, sino tambi\u00e9n a los puertos del litoral uruguayo, dado que ambos pa\u00edses comparten las aguas del R\u00edo de la Plata.&nbsp;<\/p>\n<p>En ese sentido, la corporaci\u00f3n record\u00f3 que el Tratado del R\u00edo de la Plata de 1973 establece en su art\u00edculo 14 que cualquier modificaci\u00f3n en la reglamentaci\u00f3n de los canales en aguas de uso com\u00fan debe realizarse con consulta previa entre ambas partes.&nbsp;Asimismo, el art\u00edculo 26 dispone que los pa\u00edses deben fijar normas coincidentes en materia de practicaje. &nbsp;<\/p>\n<p class=\"authorquote\">La corporaci\u00f3n record\u00f3 que el Tratado del R\u00edo de la Plata de 1973 establece en su art\u00edculo 14 que cualquier modificaci\u00f3n en la reglamentaci\u00f3n de los canales en aguas de uso com\u00fan debe realizarse con consulta previa entre ambas partes. Asimismo, el art\u00edculo 26 dispone que los pa\u00edses deben fijar normas coincidentes en materia de practicaje.<\/p>\n<p>&#8220;Los cambios sugeridos atentan directamente contra la letra y el esp\u00edritu de estos art\u00edculos&#8221;, sostiene la carta, al se\u00f1alar que las medidas habr\u00edan sido impulsadas sin consulta previa a Uruguay y generar\u00edan una &#8220;disparidad notoria&#8221; entre las normativas de ambos pa\u00edses.<\/p>\n<figure class=\"vsmimage\" contenteditable=\"false\"><img loading=\"lazy\" alt=\"En Uruguay tambi\u00e9n crece la bronca por el decreto de Sturzenegger que elimina el practicaje en los buques \" data-vsmid=\"273439\" data-owidth=\"1181\" data-oheight=\"844\" src=\"data:image\/png;base64,iVBORw0KGgoAAAANSUhEUgAAAx4AAAI5AQMAAAAVKn5HAAAAA1BMVEUAAACnej3aAAAAAXRSTlMAQObYZgAAAE9JREFUeJztwQENAAAAwqD3T20ON6AAAAAAAAAAAAAAAAAAAAAAAAAAAAAAAAAAAAAAAAAAAAAAAAAAAAAAAAAAAAAAAAAAAAAAAAAA4NwA4H0AAaETmAkAAAAASUVORK5CYII=\" vsmidos=\"1\" vsmsrc=\"\/files\/image\/273\/273439\/69279764dba08_798_569!.jpg?s=3b72df4dbbb1d72d47f738bcc2f92cf7&amp;d=1775858226\" width=\"798\" height=\"569\"><\/figure>\n<p>Adem\u00e1s, la organizaci\u00f3n advirti\u00f3 sobre los riesgos de flexibilizar el r\u00e9gimen de exenciones al practicaje. En el plano internacional, se\u00f1alaron, existe consenso sobre los efectos negativos que este tipo de medidas puede tener en la seguridad mar\u00edtima, la protecci\u00f3n ambiental y la vida humana.&nbsp;&#8220;Las tendencias actuales apuntan a aumentar los m\u00e1rgenes de seguridad, no a disminuirlos&#8221;, subrayaron.&nbsp;<\/p>\n<p class=\"authorquote\">Las tendencias actuales apuntan a aumentar los m\u00e1rgenes de seguridad, no a disminuirlos<\/p>\n<p>Finalmente, la corporaci\u00f3n se puso a disposici\u00f3n de las autoridades para colaborar en el an\u00e1lisis de la situaci\u00f3n, en un contexto que podr\u00eda abrir un nuevo foco de tensi\u00f3n bilateral en torno a la gesti\u00f3n compartida del R\u00edo de la Plata.&nbsp;<\/p>\n<p><a href=\"https:\/\/www.lapoliticaonline.com\/tools\/redirect.php?t=3&amp;i=343175&amp;s=3bd2c4133aeedc89f8b6dfd01e7633c7\" class=\"link-type-content content-type-noticia-ar\">Sturzenegger elimin\u00f3 los pr\u00e1cticos de los buques para beneficiar a las cerealeras extranjeras y desat\u00f3 una guerra con la Armada<\/a><\/p>\n<p>Una fuente que sigue de cerca el tema dijo a LPO que el comunicado es &#8220;un sopapo para Sturzenneger. Le est\u00e1n recordando que no es el due\u00f1o de los r\u00edos.&nbsp;<\/p>\n<p>&#8220;La soberbia libertaria los lleva a olvidar que cuando legislan en material de navegaci\u00f3n, en espacial en la Hidrovia, no lo pueden hacer solos. Ac\u00e1, claramente, Uruguay les dice que el r\u00edo no es de ellos&#8221;, concluye.<\/p>\n<figure class=\"vsmwidget widget-type-iframe\" vsmtype=\"iframe\" contenteditable=\"false\"><\/figure>\n","protected":false},"excerpt":{"rendered":"<p>La Corporaci\u00f3n Uruguaya de Pr\u00e1cticos del R\u00edo Uruguay expres\u00f3 su &#8220;gran preocupaci\u00f3n&#8221; ante el proyecto de decreto que modifica el r\u00e9gimen del servicio de practicaje y pilotaje, una actividad clave para la navegaci\u00f3n en puertos y v\u00edas fluviales del R\u00edo de la Plata. LPO adelant\u00f3 en exclusivo que la iniciativa busca reducir costos en el [&hellip;]<\/p>\n","protected":false},"author":1,"featured_media":50099,"comment_status":"closed","ping_status":"closed","sticky":false,"template":"","format":"standard","meta":{"om_disable_all_campaigns":false,"_monsterinsights_skip_tracking":false,"_monsterinsights_sitenote_active":false,"_monsterinsights_sitenote_note":"","_monsterinsights_sitenote_category":0},"categories":[30],"tags":[],"aioseo_notices":[],"_links":{"self":[{"href":"https:\/\/cordobapolitica.com\/index.php?rest_route=\/wp\/v2\/posts\/50098"}],"collection":[{"href":"https:\/\/cordobapolitica.com\/index.php?rest_route=\/wp\/v2\/posts"}],"about":[{"href":"https:\/\/cordobapolitica.com\/index.php?rest_route=\/wp\/v2\/types\/post"}],"author":[{"embeddable":true,"href":"https:\/\/cordobapolitica.com\/index.php?rest_route=\/wp\/v2\/users\/1"}],"replies":[{"embeddable":true,"href":"https:\/\/cordobapolitica.com\/index.php?rest_route=%2Fwp%2Fv2%2Fcomments&post=50098"}],"version-history":[{"count":0,"href":"https:\/\/cordobapolitica.com\/index.php?rest_route=\/wp\/v2\/posts\/50098\/revisions"}],"wp:featuredmedia":[{"embeddable":true,"href":"https:\/\/cordobapolitica.com\/index.php?rest_route=\/wp\/v2\/media\/50099"}],"wp:attachment":[{"href":"https:\/\/cordobapolitica.com\/index.php?rest_route=%2Fwp%2Fv2%2Fmedia&parent=50098"}],"wp:term":[{"taxonomy":"category","embeddable":true,"href":"https:\/\/cordobapolitica.com\/index.php?rest_route=%2Fwp%2Fv2%2Fcategories&post=50098"},{"taxonomy":"post_tag","embeddable":true,"href":"https:\/\/cordobapolitica.com\/index.php?rest_route=%2Fwp%2Fv2%2Ftags&post=50098"}],"curies":[{"name":"wp","href":"https:\/\/api.w.org\/{rel}","templated":true}]}}