{"id":50082,"date":"2026-04-25T23:02:09","date_gmt":"2026-04-25T23:02:09","guid":{"rendered":"http:\/\/5791afc75603449f7024b950347a9c71"},"modified":"2026-04-25T23:02:09","modified_gmt":"2026-04-25T23:02:09","slug":"el-gobierno-agita-la-causa-malvinas-y-la-oposicion-critica-buscan-para-tapar-los-problemas","status":"publish","type":"post","link":"https:\/\/cordobapolitica.com\/?p=50082","title":{"rendered":"El gobierno agita la causa Malvinas y la oposici\u00f3n critica: &#8220;Buscan para tapar los problemas&#8221;"},"content":{"rendered":"<p><img src=\"http:\/\/cordobapolitica.com\/wp-content\/uploads\/2026\/04\/el-gobierno-agita-la-causa-malvinas-y-la-oposicion-critica-buscan-para-tapar-los-problemas.jpg\"><\/p>\n<p>&nbsp;La causa Malvinas se volvi\u00f3 un tema central en la agenda del gobierno. La tensi\u00f3n de Donald Trump con Inglaterra por la falta de apoyo en la guerra contra Ir\u00e1n hizo crecer rumores vinculados con cambios profundos promovidos por Estados Unidos en su relaci\u00f3n con la OTAN, entre ellos, una revisi\u00f3n respecto de la disputa por las Islas Malvinas. &nbsp;<\/p>\n<p>Esta versi\u00f3n, publicada por la agencia Reuters con base a un correo electr\u00f3nico del Pent\u00e1gono al que tuvo acceso, gener\u00f3 una respuesta de Reino Unido que exacerb\u00f3 a los libertarios en un giro in\u00e9dito si se comparan las declaraciones de funcionarios del gobierno y del propio Milei que dijo admirar a Margaret&nbsp;Thatcher y contradijo la posici\u00f3n hist\u00f3rica de Argentina al manifestar que &#8220;los isle\u00f1os tienen que ser argentinos, cuando lo deseen&#8221;.<\/p>\n<p>Este s\u00e1bado, Estados Unidos aclar\u00f3 que mantendr\u00e1 la neutralidad en el diferendo pero nada de esto calm\u00f3 la ret\u00f3rica del gobierno en medio de la crisis econ\u00f3mica, el repunte de la inflaci\u00f3n y las causas que rodean al Jefe de Gabinete, Manuel Adorni.<\/p>\n<p>El canciller Pablo Quirno fue el primero en salir en defensa de la soberan\u00eda de las islas con largo posteo que resumen el planteo hist\u00f3rico con la diplomacia que el mismo gobierno hab\u00eda abandonado. Milei lo comparti\u00f3 con su habitual grito de guerra virtual.&nbsp;<\/p>\n<p><a href=\"https:\/\/www.lapoliticaonline.com\/tools\/redirect.php?t=3&amp;i=344223&amp;s=fb3aa60c21429871ca42041fb29583b3\" class=\"link-type-content content-type-noticia-ar\">Reuters dice que Trump respaldar\u00eda a Argentina con Malvinas porque Inglaterra no lo apoy\u00f3 con Ir\u00e1n<\/a><\/p>\n<p>Quienes fueron m\u00e1s all\u00e1 fueron las milicias digitales. El director de Comunicaciones del Gobierno, &nbsp;el tuitero Juan Doe comparti\u00f3 una publicaci\u00f3n del periodista ingl\u00e9s Pierce Morgan que planteaba de una forma ir\u00f3nica que &#8220;si el presidente Trump quiere arrebatarle las Islas Malvinas a Gran Breta\u00f1a, entonces nosotros debemos reclamar los Estados Unidos. Manera perfecta de celebrar el 250 aniversario de la Independencia Americana. El rey Carlos puede anunciarlo al Congreso la pr\u00f3xima semana&#8221;.<\/p>\n<p>Doe escribi\u00f3 sin rodeos: &#8220;Ya est\u00e1n los inglesitos culo roto diciendo que si Trump le devuelve las Malvinas a Argentina, ellos tienen que invadir Estados Unidos JAJAJAJAJA SE IMAGINAN? Los ingleses contra los americanos no pudieron ni cuando ten\u00edan mejores armas, imaginense ahora que EEUU tiene TODO&#8221;.&nbsp;<\/p>\n<p>En esa l\u00ednea, apareci\u00f3 el ex ministro de Defensa Luis Petri que en una suerte de defensa de su paso por el gabinete dijo que &#8220;en Defensa estamos recuperando capacidades militares concretas: F-16, Stryker y P-3 Ori\u00f3n. Bajo el liderazgo del Presidente Milei fortalecemos nuestra alianza estrat\u00e9gica con EE.UU. e Israel y con un sistema de defensa moderno. Con una diplomacia fuerte e inteligente vamos a recuperar nuestras Islas Malvinas!&#8221;.&nbsp;<\/p>\n<p>Pareciera haber una certeza dentro del gobierno vinculado a que la alianza con Trump (y para Petri, tambi\u00e9n con Netanhayu) ser\u00e1 clave para avanzar en el reclamo de la isla cuando en realidad el l\u00edder norteamericano est\u00e1 tensionando con la OTAN para reforzar su posici\u00f3n de poder interna con Europa.<\/p>\n<p>Cabe recordar que el tema Malvinas siempre ha sido un punto d\u00e9bil de la gesti\u00f3n libertaria que ha sido <a href=\"https:\/\/www.lapoliticaonline.com\/tools\/redirect.php?t=3&amp;i=300877&amp;s=b115857f455a880d1df7353bd688e471\">acusada<\/a> por &#8220;traici\u00f3n a la patria&#8221; por diferentes organizaciones de veteranos a ra\u00edz de lo que en el mundo de la diplomacia se conoce <a href=\"https:\/\/www.lapoliticaonline.com\/tools\/redirect.php?t=3&amp;i=294547&amp;s=51122e8a47dae4725e82f93d085d6cee\">como<\/a> &#8220;la Doctrina Plaza&#8221;, destinada a suavizar el tono del reclamo malvinero a cambio de un mayor intercambio comercial.&nbsp;<\/p>\n<p class=\"authorquote\" title=\"Guillermo Carmona, ex secretario de Malvinas.\">Estamos en un momento en el que Milei y el mile\u00edsmo est\u00e1n en modo Galtieri, es decir, centrando sus expectativas en un apoyo estadounidense y buscando transmitir a la sociedad de que Estados Unidos apoyar\u00eda a la Argentina en un sentido que se traducir\u00eda en la posibilidad de recuperaci\u00f3n de el ejercicio de soberan\u00eda sobre Malvinas por parte de de la Argentina<\/p>\n<p>En este marco, el ex secretario de Malvinas Guillermo Carmona, dijo a LPO &#8220;estamos en un momento en el que Milei y el mile\u00edsmo est\u00e1n en modo Galtieri, es decir, centrando sus expectativas en un apoyo estadounidense y buscando transmitir a la sociedad de que Estados Unidos apoyar\u00eda a la Argentina en un sentido que se traducir\u00eda en la posibilidad de recuperaci\u00f3n de el ejercicio de soberan\u00eda sobre Malvinas por parte de de la Argentina&#8221;.&nbsp;<\/p>\n<figure class=\"vsmimage\" contenteditable=\"false\"><img loading=\"lazy\" alt=\"El gobierno agita la causa Malvinas y la oposici\u00f3n critica: &quot;Buscan para tapar los problemas&quot; \" data-vsmid=\"284041\" data-owidth=\"4696\" data-oheight=\"3131\" src=\"data:image\/png;base64,iVBORw0KGgoAAAANSUhEUgAAAx4AAAIOAQMAAAAMVUlSAAAAA1BMVEUAAACnej3aAAAAAXRSTlMAQObYZgAAAElJREFUeJztwQEBAAAAgiD\/r25IQAEAAAAAAAAAAAAAAAAAAAAAAAAAAAAAAAAAAAAAAAAAAAAAAAAAAAAAAAAAAAAAAAAAAPBjz4YAAXoxaWgAAAAASUVORK5CYII=\" vsmidos=\"1\" vsmsrc=\"\/files\/image\/284\/284041\/69d5933d43325_798_526!.jpg?s=c89cdea3c40602b3b767cba7a36125ee&amp;d=1777161681\" width=\"798\" height=\"526\"><\/figure>\n<p>El dirigente mendocino plante\u00f3 que &#8220;esta situaci\u00f3n recuerda a las expectativas que puso la dictadura c\u00edvico-militar a partir de una err\u00f3nea evaluaci\u00f3n del escenario internacional y de las posiciones estadounidenses durante la guerra de Malvinas, lo cual habla de lecciones no aprendidas y un riesgo enorme de que se puedan, en funci\u00f3n de esas expectativas, sacrificar construcciones de apoyos internacionales y de construcci\u00f3n de una pol\u00edtica de estado sobre la cuesti\u00f3n Malvinas&#8221;.&nbsp;<\/p>\n<p>Para Carmona &#8220;esto se ha venido gestando en un proceso, ya ven\u00edan instalando desde el gobierno, e incluso desde algunas expresiones no mile\u00edstas esta expectativa de que Trump pod\u00eda decidir romper con el Reino Unido y crear condiciones para que Argentina recupere el control de Malvinas. Esta tentaci\u00f3n de utiliza esta situaci\u00f3n coincide con un escenario muy cr\u00edtico para el gobierno, en lo econ\u00f3mico, en lo social, en las cuestiones vinculadas a la corrupci\u00f3n, y me parece que han intentado aprovechar esta operaci\u00f3n de Trump para apretar a Keir Starmer, para intentar utilizarlo en en con objetivos de pol\u00edtica interna&#8221;.<\/p>\n<p>&#8220;Esto no significa que no haya en este momento de desorden internacional o que no existan posibilidades y oportunidades para la Argentina. Yo considero que cuando hay situaciones de statu quo, es m\u00e1s dif\u00edcil avanzar en la cuesti\u00f3n Malvinas que en los momentos en que se producen alg\u00fan tipo de quiebres, y, por lo tanto, me parece que la Argentina tiene que buscar aprovechar las fisuras que se produzcan, por ejemplo, entre Estados Unidos y Gran Breta\u00f1a, pero sin caer en posiciones ingenuas, y mucho menos en posiciones que est\u00e9n destinadas al consumo interno dentro dentro del pa\u00eds&#8221;, puntualiz\u00f3.<\/p>\n<p>El ex funcionario detall\u00f3 que &#8220;la filtraci\u00f3n de un documento del Pent\u00e1gono es altamente probable que sea una operaci\u00f3n de Trump para poner en una situaci\u00f3n de de se\u00f1alamiento y exigencia a los a los pa\u00edses europeos en relaci\u00f3n con el conflicto en Medio Oriente. Hay que tener en cuenta que lo que se comunica en ese supuesto memo no se ajusta a la realidad de la posici\u00f3n de Estados Unidos en relaci\u00f3n con la cuesti\u00f3n Malvinas&#8221;.<\/p>\n<p>Por otra parte, Carmona afirm\u00f3 que quieren &#8220;disimular los graves problemas que tiene el gobierno y apunta a buscar darle alguna justificaci\u00f3n a un alineamiento absolutamente inconveniente para la Argentina en el actual escenario internacional. No solamente de buscar disimular una una situaci\u00f3n cr\u00edtica al interior del gobierno y en la situaci\u00f3n general que est\u00e1 viviendo la la sociedad argentina, sino tambi\u00e9n un intento de mostrar alg\u00fan beneficio de una relaci\u00f3n con Estados Unidos que hasta hasta el momento solo le ha servido a Milei con el apoyo de Trump en medio de la campa\u00f1a de la elecci\u00f3n del a\u00f1o pasado&#8221;.&nbsp;<\/p>\n<p class=\"authorquote\">Quieren disimular los graves problemas que tiene el gobierno y apunta a buscar darle alguna justificaci\u00f3n a un alineamiento absolutamente inconveniente para la Argentina en el actual escenario internacional.<\/p>\n<p>Por \u00faltimo, Guillermo Carmona destac\u00f3 que &#8220;por primera vez, el canciller Quirno publica en Twitter una declaraci\u00f3n de rechazo de las afirmaciones brit\u00e1nicas, que evidentemente ha sido redactado por el equipo de la canciller\u00eda ajust\u00e1ndose al canon que se sigue en relaci\u00f3n con la cuesti\u00f3n Malvinas. \u00bfPor qu\u00e9 lo hace ayer y no lo hicieron antes ni Mondino, Werthein o Quirno desde que asumi\u00f3? Han considerado una habilitaci\u00f3n a fijar una posici\u00f3n de rechazo a partir de la operaci\u00f3n que lanza el gobierno de Estados Unidos en torno a la a la cuesti\u00f3n de este supuesto cambio de posici\u00f3n estadounidense. A ese punto llega el nivel de alineamiento del gobierno de Milei&#8221;.&nbsp;<\/p>\n<p>&#8220;Esto lo deber\u00edan haber hecho desde diciembre de 2023, cuando asumi\u00f3 durante la presencia de el vicecanciller brit\u00e1nico de ese momento que era&nbsp;David Rutley o cuando estuvo David Cameron en Malvinas. Creo que hay una pose malvinera que tiene mucho dignitativo de los caminos que transit\u00f3 la dictadura durante la guerra de Malvinas, fundamentalmente porque hay una lectura del escenario internacional y de las posiciones del gobierno de Estados Unidos que no se ajustan a una adecuada evaluaci\u00f3n de lo que est\u00e1 pasando en el mundo y lo que est\u00e1 pasando fundamentalmente en en Estados Unidos&#8221;, concluy\u00f3.<\/p>\n<figure class=\"vsmimage\" contenteditable=\"false\"><img loading=\"lazy\" alt=\"Keir Starmer, premier brit\u00e1nico.\" data-vsmid=\"237961\" data-owidth=\"3774\" data-oheight=\"2516\" src=\"data:image\/png;base64,iVBORw0KGgoAAAANSUhEUgAAAx4AAAIOAQMAAAAMVUlSAAAAA1BMVEUAAACnej3aAAAAAXRSTlMAQObYZgAAAElJREFUeJztwQEBAAAAgiD\/r25IQAEAAAAAAAAAAAAAAAAAAAAAAAAAAAAAAAAAAAAAAAAAAAAAAAAAAAAAAAAAAAAAAAAAAPBjz4YAAXoxaWgAAAAASUVORK5CYII=\" vsmidos=\"1\" vsmsrc=\"\/files\/image\/237\/237961\/6706eee82c4e9_798_526!.jpg?s=722356b5fe61fb4e878d2175b7dbd9df&amp;d=1743191861\" width=\"798\" height=\"526\"><\/figure>\n","protected":false},"excerpt":{"rendered":"<p>&nbsp;La causa Malvinas se volvi\u00f3 un tema central en la agenda del gobierno. La tensi\u00f3n de Donald Trump con Inglaterra por la falta de apoyo en la guerra contra Ir\u00e1n hizo crecer rumores vinculados con cambios profundos promovidos por Estados Unidos en su relaci\u00f3n con la OTAN, entre ellos, una revisi\u00f3n respecto de la disputa [&hellip;]<\/p>\n","protected":false},"author":1,"featured_media":50083,"comment_status":"closed","ping_status":"closed","sticky":false,"template":"","format":"standard","meta":{"om_disable_all_campaigns":false,"_monsterinsights_skip_tracking":false,"_monsterinsights_sitenote_active":false,"_monsterinsights_sitenote_note":"","_monsterinsights_sitenote_category":0},"categories":[30],"tags":[],"aioseo_notices":[],"_links":{"self":[{"href":"https:\/\/cordobapolitica.com\/index.php?rest_route=\/wp\/v2\/posts\/50082"}],"collection":[{"href":"https:\/\/cordobapolitica.com\/index.php?rest_route=\/wp\/v2\/posts"}],"about":[{"href":"https:\/\/cordobapolitica.com\/index.php?rest_route=\/wp\/v2\/types\/post"}],"author":[{"embeddable":true,"href":"https:\/\/cordobapolitica.com\/index.php?rest_route=\/wp\/v2\/users\/1"}],"replies":[{"embeddable":true,"href":"https:\/\/cordobapolitica.com\/index.php?rest_route=%2Fwp%2Fv2%2Fcomments&post=50082"}],"version-history":[{"count":0,"href":"https:\/\/cordobapolitica.com\/index.php?rest_route=\/wp\/v2\/posts\/50082\/revisions"}],"wp:featuredmedia":[{"embeddable":true,"href":"https:\/\/cordobapolitica.com\/index.php?rest_route=\/wp\/v2\/media\/50083"}],"wp:attachment":[{"href":"https:\/\/cordobapolitica.com\/index.php?rest_route=%2Fwp%2Fv2%2Fmedia&parent=50082"}],"wp:term":[{"taxonomy":"category","embeddable":true,"href":"https:\/\/cordobapolitica.com\/index.php?rest_route=%2Fwp%2Fv2%2Fcategories&post=50082"},{"taxonomy":"post_tag","embeddable":true,"href":"https:\/\/cordobapolitica.com\/index.php?rest_route=%2Fwp%2Fv2%2Ftags&post=50082"}],"curies":[{"name":"wp","href":"https:\/\/api.w.org\/{rel}","templated":true}]}}