{"id":50066,"date":"2026-04-25T21:31:50","date_gmt":"2026-04-25T21:31:50","guid":{"rendered":"https:\/\/cordobapolitica.com\/?p=50066"},"modified":"2026-04-25T21:31:50","modified_gmt":"2026-04-25T21:31:50","slug":"la-pelea-por-43-ascensos-de-diplomaticos-desato-una-interna-en-cancilleria","status":"publish","type":"post","link":"https:\/\/cordobapolitica.com\/?p=50066","title":{"rendered":"La pelea por 43 ascensos de diplom\u00e1ticos desat\u00f3 una interna en Canciller\u00eda"},"content":{"rendered":"<div class=\"media_block\"><\/div>\n<p>Lo que en otra circunstancia habr\u00eda pasado como un tr\u00e1mite administrativo termin\u00f3 convertido en una <strong>disputa abierta dentro de la Canciller\u00eda<\/strong>. La decisi\u00f3n del Senado de <strong>postergar el tratamiento de los ascensos de 43 diplom\u00e1ticos activ\u00f3 reproches cruzados<\/strong>, expuso viejas rivalidades y dej\u00f3 al descubierto una discusi\u00f3n que ya excede el plano t\u00e9cnico, seg\u00fan public\u00f3 <em>LN+<\/em>.<\/p>\n<p>La comisi\u00f3n de Acuerdos de la C\u00e1mara alta dej\u00f3 en suspenso la semana pasada el debate sobre promociones correspondientes a 2024 y 2025 para los rangos de embajador, ministro de primera y ministro de segunda. En el Palacio San Mart\u00edn recuerdan que algunas de esas definiciones arrastraban demoras desde la gesti\u00f3n de <strong>Alberto Fern\u00e1ndez<\/strong>, pero el freno volvi\u00f3 a cargar de tensi\u00f3n una n\u00f3mina que hab\u00eda quedado armada durante el paso de <strong>Gerardo Werthein<\/strong> por la Canciller\u00eda y que ahora debe administrar el actual ministro,<strong> Pablo Quirno<\/strong>.<\/p>\n<div>\n<figure class=\"image\"><img alt=\"Pablo Quirno\" src=\"http:\/\/cordobapolitica.com\/wp-content\/uploads\/2026\/04\/la-pelea-por-43-ascensos-de-diplomaticos-desato-una-interna-en-cancilleria.webp\" loading=\"lazy\"><figcaption><em>Quirno se encuentra en una situaci\u00f3n peliaguda de cara a su propio ministerio<\/em><\/figcaption><\/figure>\n<\/p><\/div>\n<h2><strong>El freno en el Senado abri\u00f3 otra discusi\u00f3n<\/strong><\/h2>\n<p>En la Casa Rosada resumen la situaci\u00f3n de manera simple: <strong>no est\u00e1n los votos para convalidar todos los nombres<\/strong>. Detr\u00e1s de esa falta de acuerdo aparecen cuestionamientos de senadores cercanos al oficialismo, entre radicales, dirigentes del PRO y representantes de bloques provinciales, que pusieron reparos sobre parte de la n\u00f3mina y sostienen que algunos candidatos no re\u00fanen las condiciones para subir de rango.<\/p>\n<div class=\"subscription\">\n<p> Esto no les gusta a los autoritarios <\/p>\n<div class=\"subscription__container\">\n<div class=\"subscription__text-wrapper\">\n<p> El ejercicio del periodismo profesional y cr\u00edtico es un pilar fundamental de la democracia. Por eso molesta a quienes creen ser los due\u00f1os de la verdad. <\/p>\n<\/p><\/div><\/div><\/div>\n<p>En sectores del radicalismo suman otra objeci\u00f3n.<strong> Aseguran que varios de los promovidos tuvieron cercan\u00eda con el peronismo o con el kirchnerismo y que esa trayectoria tambi\u00e9n pesa en las resistencias<\/strong>. Desde esa mirada, reclaman revisar la propuesta antes de llevarla al recinto.<\/p>\n<p class=\"destacadoNota\"><a target=\"_blank\" href=\"https:\/\/www.perfil.com\/noticias\/politica\/pablo-quirno-le-respondio-a-la-embajada-de-rusia-en-argentina-y-javier-milei-insiste-no-odiamos-lo-suficiente-a-los-periodistas.phtml\" rel=\"noopener\">Pablo Quirno le respondi\u00f3 a la Embajada de Rusia en Argentina y Javier Milei insiste: &#8220;No odiamos lo suficiente a los periodistas&#8221;<\/a><\/p>\n<p>En el oficialismo, en cambio, la idea es otra. <strong>Cerca de Quirno dejaron trascender que podr\u00edan aceptar un reordenamiento de los tiempos, aunque sin tocar los nombres incluidos<\/strong>. El camino que se analiza es avanzar primero con una tanda y dejar el resto para una instancia posterior.<\/p>\n<h2><strong>El gremio habl\u00f3 de maniobras \u201canti\u00e9ticas\u201d<\/strong><\/h2>\n<p>La respuesta sindical no tard\u00f3. APSEN, el gremio que re\u00fane a los diplom\u00e1ticos, difundi\u00f3 un mensaje a sus afiliados en el que cuestion\u00f3 las demoras y advirti\u00f3 que cualquier intervenci\u00f3n por fuera del procedimiento previsto en la ley resulta \u201cimprocedente y anti\u00e9tica\u201d. Sin mencionar responsables, <strong>la referencia fue interpretada dentro de la Canciller\u00eda como una acusaci\u00f3n directa contra funcionarios y diplom\u00e1ticos que habr\u00edan operado ante senadores para frenar parte de los ascensos<\/strong>.<\/p>\n<div>\n<figure class=\"image\"><img alt=\"Canciller\u00eda\" src=\"http:\/\/cordobapolitica.com\/wp-content\/uploads\/2026\/04\/la-pelea-por-43-ascensos-de-diplomaticos-desato-una-interna-en-cancilleria-1.webp\" loading=\"lazy\"><figcaption><em>El Palacio San Mart\u00edn vive horas de tensi\u00f3n<\/em><\/figcaption><\/figure>\n<\/p><\/div>\n<p>En el centro de esa sospecha aparece un grupo de diplom\u00e1ticos que, seg\u00fan distintas fuentes, objet\u00f3 a varios postulantes y logr\u00f3 que el tratamiento no avanzara. Entre los nombres que circulan figuran el embajador en Colombia,<strong> Mario Ver\u00f3n Guerra, y Ariel Campero<\/strong>, agregado cultural en Lima. Ambos rechazan haber tenido capacidad real para bloquear la votaci\u00f3n, pero el malestar interno ya los coloc\u00f3 en el foco de la escena.<\/p>\n<p>La molestia creci\u00f3 porque, para quienes empujan las promociones, la discusi\u00f3n se corri\u00f3 de los antecedentes profesionales y qued\u00f3 atravesada por afinidades pol\u00edticas, v\u00ednculos internos y cuentas pendientes dentro del cuerpo diplom\u00e1tico.<\/p>\n<h2><strong>Los nombres en juego y la salida que busca el Gobierno<\/strong><\/h2>\n<p>Entre los incluidos en la n\u00f3mina aparecen funcionarios de peso en el esquema actual de Quirno, como el secretario de Relaciones Econ\u00f3micas Internacionales,<strong> Fernando Brun<\/strong>; el subsecretario de Pol\u00edtica Exterior, <strong>Juan Manuel Navarro<\/strong>, y el embajador ante la ONU, <strong>Francisco Tropepi<\/strong>. Tambi\u00e9n figuran otros diplom\u00e1ticos sobre los que recaen objeciones, entre ellos <strong>Santiago Villalba D\u00edaz, Juan Manuel Cortelletti y Pablo Deangelis<\/strong>.<\/p>\n<p class=\"destacadoNota\"><a target=\"_blank\" href=\"https:\/\/www.perfil.com\/noticias\/politica\/pablo-quirno-ratifico-el-alineamiento-con-estados-unidos-e-israel-argentina-no-va-a-ser-neutral-ante-el-terrorismo-internacional.phtml\" rel=\"noopener\">Pablo Quirno ratific\u00f3 el alineamiento con Estados Unidos e Israel: &#8220;Argentina no va a ser neutral ante el terrorismo internacional&#8221;<\/a><\/p>\n<p>En el Senado ya trabajan sobre una salida para descomprimir la situaci\u00f3n y evitar que el tema se transforme en otro frente inc\u00f3modo para el Gobierno. La alternativa que circula consiste en aprobar una parte de los pliegos en los pr\u00f3ximos d\u00edas y dejar el resto para m\u00e1s adelante, mientras empieza a moverse el esquema de ascensos de 2026.<\/p>\n<p>Por ahora, esa f\u00f3rmula apenas compr\u00f3 tiempo. En el Palacio San Mart\u00edn saben que ya no se discute solamente una serie de promociones demoradas. Lo que qued\u00f3 expuesto es una pelea por influencia, carrera y poder dentro de un servicio exterior donde las heridas suelen durar bastante m\u00e1s que los tr\u00e1mites.<\/p>\n<p><em>DCQ<\/em><\/p>\n","protected":false},"excerpt":{"rendered":"<p>Lo que en otra circunstancia habr\u00eda pasado como un tr\u00e1mite administrativo termin\u00f3 convertido en una disputa abierta dentro de la Canciller\u00eda. La decisi\u00f3n del Senado de postergar el tratamiento de los ascensos de 43 diplom\u00e1ticos activ\u00f3 reproches cruzados, expuso viejas rivalidades y dej\u00f3 al descubierto una discusi\u00f3n que ya excede el plano t\u00e9cnico, seg\u00fan public\u00f3 [&hellip;]<\/p>\n","protected":false},"author":1,"featured_media":50067,"comment_status":"closed","ping_status":"closed","sticky":false,"template":"","format":"standard","meta":{"om_disable_all_campaigns":false,"_monsterinsights_skip_tracking":false,"_monsterinsights_sitenote_active":false,"_monsterinsights_sitenote_note":"","_monsterinsights_sitenote_category":0},"categories":[30],"tags":[],"aioseo_notices":[],"_links":{"self":[{"href":"https:\/\/cordobapolitica.com\/index.php?rest_route=\/wp\/v2\/posts\/50066"}],"collection":[{"href":"https:\/\/cordobapolitica.com\/index.php?rest_route=\/wp\/v2\/posts"}],"about":[{"href":"https:\/\/cordobapolitica.com\/index.php?rest_route=\/wp\/v2\/types\/post"}],"author":[{"embeddable":true,"href":"https:\/\/cordobapolitica.com\/index.php?rest_route=\/wp\/v2\/users\/1"}],"replies":[{"embeddable":true,"href":"https:\/\/cordobapolitica.com\/index.php?rest_route=%2Fwp%2Fv2%2Fcomments&post=50066"}],"version-history":[{"count":0,"href":"https:\/\/cordobapolitica.com\/index.php?rest_route=\/wp\/v2\/posts\/50066\/revisions"}],"wp:featuredmedia":[{"embeddable":true,"href":"https:\/\/cordobapolitica.com\/index.php?rest_route=\/wp\/v2\/media\/50067"}],"wp:attachment":[{"href":"https:\/\/cordobapolitica.com\/index.php?rest_route=%2Fwp%2Fv2%2Fmedia&parent=50066"}],"wp:term":[{"taxonomy":"category","embeddable":true,"href":"https:\/\/cordobapolitica.com\/index.php?rest_route=%2Fwp%2Fv2%2Fcategories&post=50066"},{"taxonomy":"post_tag","embeddable":true,"href":"https:\/\/cordobapolitica.com\/index.php?rest_route=%2Fwp%2Fv2%2Ftags&post=50066"}],"curies":[{"name":"wp","href":"https:\/\/api.w.org\/{rel}","templated":true}]}}