{"id":50052,"date":"2026-04-25T16:00:59","date_gmt":"2026-04-25T16:00:59","guid":{"rendered":"http:\/\/9f461c4d957c43c23687fa72a9a6410a"},"modified":"2026-04-25T16:00:59","modified_gmt":"2026-04-25T16:00:59","slug":"maximo-propone-que-el-30-por-ciento-de-las-retenciones-se-repartan-entre-las-provincias-sojeras","status":"publish","type":"post","link":"https:\/\/cordobapolitica.com\/?p=50052","title":{"rendered":"M\u00e1ximo propone que el 30 por ciento de las retenciones se repartan entre las provincias sojeras"},"content":{"rendered":"<p><img src=\"http:\/\/cordobapolitica.com\/wp-content\/uploads\/2026\/04\/maximo-propone-que-el-30-por-ciento-de-las-retenciones-se-repartan-entre-las-provincias-sojeras.jpg\"><\/p>\n<p>En el mismo momento en el que Axel Kicillof asum\u00eda la presidencia del Partido Justicialista, M\u00e1ximo Kirchner estaba de recorrida en Santa Fe. El l\u00edder de La Campora&nbsp; por la comuna Mar\u00eda Teresa junto al presidente comunal, Gonzalo Goyechea, y la diputada nacional, Florencia Carignano.<\/p>\n<p>En el marco de esa recorrida, el diputado nacional se reuni\u00f3 con dirigentes del kirchnerismo en donde propuso&nbsp;que un 30% de lo que se recaude por retenciones a la soja se reparta entre las provincias que tengan ese cultivo.&nbsp;<\/p>\n<p>Esta iniciativa, en caso de aplicarse, le dar\u00eda a la provincia de Buenos Aires 120.000 millones de pesos. Sin embargo la idea conspira contra los sectores productivos dado que lo dio en una zona de puertos sojeros, en un escenario en el que el un sector del peronismo busca acercamiento.&nbsp;<\/p>\n<p><a href=\"https:\/\/www.lapoliticaonline.com\/tools\/redirect.php?t=3&amp;i=343429&amp;s=e5bc30d0d33395ac99c6aa28158b7039\" class=\"link-type-content content-type-noticia-ar\">Adorni prepara carpetazos contra Massa, Grabois y M\u00e1ximo para su informe en el Congreso<\/a><\/p>\n<p>De todas formas, el hijo de Cristina logr\u00f3 juntar una importante representaci\u00f3n territorial. Entre los dirigentes pol\u00edticos presentes en la charla de M\u00e1ximo en Santa Fe se destacaron los diputados nacionales Florencia Carignano, Alejandrina Borgatta, Agust\u00edn Rossi, Germ\u00e1n Mart\u00ednez y Diego Giuliano, junto al senador provincial Armando Traferri, en una muestra de fuerte respaldo institucional y territorial. &nbsp;<\/p>\n<p class=\"authorquote\">El diputado nacional se reuni\u00f3 con dirigentes del kirchnerismo en donde propuso que un 30% de lo que se recaude por retenciones a la soja se reparta entre las provincias que tengan ese cultivo.<\/p>\n<p>&nbsp;Tambi\u00e9n participaron referentes provinciales como Alejandra Rodenas, Lucila De Ponti, Eduardo Toniolli, Leandro Busatto, Erica Bonfatti, Marilyn Sacnun y Alejandro Ramos, consolidando una amplia representaci\u00f3n del peronismo santafesino.&nbsp;<\/p>\n<figure class=\"vsmimage\" contenteditable=\"false\"><img loading=\"lazy\" alt=\"M\u00e1ximo propone que el 30 por ciento de las retenciones se repartan entre las provincias sojeras\" data-vsmid=\"285355\" data-owidth=\"1280\" data-oheight=\"854\" src=\"data:image\/png;base64,iVBORw0KGgoAAAANSUhEUgAAAx4AAAIOAQMAAAAMVUlSAAAAA1BMVEUAAACnej3aAAAAAXRSTlMAQObYZgAAAElJREFUeJztwQEBAAAAgiD\/r25IQAEAAAAAAAAAAAAAAAAAAAAAAAAAAAAAAAAAAAAAAAAAAAAAAAAAAAAAAAAAAAAAAAAAAPBjz4YAAXoxaWgAAAAASUVORK5CYII=\" vsmidos=\"1\" vsmsrc=\"\/files\/image\/285\/285355\/69eceb0561197_798_526!.jpg?s=b9ba99805f9a729855edfe257aa26cc7&amp;d=1777134343\" width=\"798\" height=\"526\"><\/figure>\n<p>Por parte de las autoridades partidarias del PJ Provincial estuvieron presentes su presidente, Guillermo Cornaglia, y la vicepresidenta Mar\u00eda Luz Rioja, quienes acompa\u00f1aron la actividad junto a intendentes y presidentes comunales de distintos puntos de la provincia.&nbsp;<\/p>\n<p>Entre ellos se encontraban Carlos De Grandis, de Puerto General San Mart\u00edn; Gonzalo Goyechea, de Mar\u00eda Teresa; Mart\u00edn Calori, de Oliveros; Federico Martello, de Andino; Daniel Cinalli, de Capit\u00e1n Berm\u00fadez; y Mar\u00eda Laura Mozzi, de Mugueta, reforzando el car\u00e1cter territorial del encuentro.<\/p>\n<p data-mrf-recirculation=\"Links inline\">M\u00e1ximo dijo que &#8220;acostumbrarse otra vez a pensar de manera m\u00e1s positiva y a construir no en contra de alguien, sino a favor de los intereses de la mayor\u00eda&#8221;.&nbsp;<\/p>\n<p data-mrf-recirculation=\"Links inline\">&#8220;Estamos ac\u00e1 para escuchar lo que cada uno desde su experiencia tiene para aportar y para poder, desde las verdades relativas de cada uno y cada una, buscar esa s\u00edntesis que saque a la Argentina del lugar donde Milei la lleva cada vez de una manera m\u00e1s acelerada, y que a grandes luces se empieza a ver que es negativa para la gran mayor\u00eda&#8221;, expres\u00f3.<\/p>\n","protected":false},"excerpt":{"rendered":"<p>En el mismo momento en el que Axel Kicillof asum\u00eda la presidencia del Partido Justicialista, M\u00e1ximo Kirchner estaba de recorrida en Santa Fe. El l\u00edder de La Campora&nbsp; por la comuna Mar\u00eda Teresa junto al presidente comunal, Gonzalo Goyechea, y la diputada nacional, Florencia Carignano. En el marco de esa recorrida, el diputado nacional se [&hellip;]<\/p>\n","protected":false},"author":1,"featured_media":50053,"comment_status":"closed","ping_status":"closed","sticky":false,"template":"","format":"standard","meta":{"om_disable_all_campaigns":false,"_monsterinsights_skip_tracking":false,"_monsterinsights_sitenote_active":false,"_monsterinsights_sitenote_note":"","_monsterinsights_sitenote_category":0},"categories":[30],"tags":[],"aioseo_notices":[],"_links":{"self":[{"href":"https:\/\/cordobapolitica.com\/index.php?rest_route=\/wp\/v2\/posts\/50052"}],"collection":[{"href":"https:\/\/cordobapolitica.com\/index.php?rest_route=\/wp\/v2\/posts"}],"about":[{"href":"https:\/\/cordobapolitica.com\/index.php?rest_route=\/wp\/v2\/types\/post"}],"author":[{"embeddable":true,"href":"https:\/\/cordobapolitica.com\/index.php?rest_route=\/wp\/v2\/users\/1"}],"replies":[{"embeddable":true,"href":"https:\/\/cordobapolitica.com\/index.php?rest_route=%2Fwp%2Fv2%2Fcomments&post=50052"}],"version-history":[{"count":0,"href":"https:\/\/cordobapolitica.com\/index.php?rest_route=\/wp\/v2\/posts\/50052\/revisions"}],"wp:featuredmedia":[{"embeddable":true,"href":"https:\/\/cordobapolitica.com\/index.php?rest_route=\/wp\/v2\/media\/50053"}],"wp:attachment":[{"href":"https:\/\/cordobapolitica.com\/index.php?rest_route=%2Fwp%2Fv2%2Fmedia&parent=50052"}],"wp:term":[{"taxonomy":"category","embeddable":true,"href":"https:\/\/cordobapolitica.com\/index.php?rest_route=%2Fwp%2Fv2%2Fcategories&post=50052"},{"taxonomy":"post_tag","embeddable":true,"href":"https:\/\/cordobapolitica.com\/index.php?rest_route=%2Fwp%2Fv2%2Ftags&post=50052"}],"curies":[{"name":"wp","href":"https:\/\/api.w.org\/{rel}","templated":true}]}}