{"id":50050,"date":"2026-04-25T17:27:14","date_gmt":"2026-04-25T17:27:14","guid":{"rendered":"http:\/\/f1819e07e0a74b8b2b47e007188f6c4b"},"modified":"2026-04-25T17:27:14","modified_gmt":"2026-04-25T17:27:14","slug":"intendentes-de-todo-el-pais-se-reunieron-en-san-miguel-para-debatir-el-compromiso-para-enfrentar-al-cambio-climatico","status":"publish","type":"post","link":"https:\/\/cordobapolitica.com\/?p=50050","title":{"rendered":"Intendentes de todo el pa\u00eds se reunieron en San Miguel para debatir el compromiso para enfrentar al cambio clim\u00e1tico"},"content":{"rendered":"<p><img src=\"http:\/\/cordobapolitica.com\/wp-content\/uploads\/2026\/04\/intendentes-de-todo-el-pais-se-reunieron-en-san-miguel-para-debatir-el-compromiso-para-enfrentar-al-cambio-climatico.jpg\"><\/p>\n<p>&nbsp;Con la presencia de intendentes y funcionarios municipales de todo el pa\u00eds, autoridades provinciales y nacionales, especialistas y delegaciones internacionales, este viernes se concret\u00f3 la jornada inaugural de la VIII Asamblea Nacional de Intendentes de la Red Argentina de Municipios frente al Cambio Clim\u00e1tico (RAMCC).<\/p>\n<p>El evento tuvo lugar en el Hotel Sheraton y fue encabezado por la intendente de San Miguel de Tucum\u00e1n, Rossana Chahla, en su car\u00e1cter de anfitriona del plenario, junto al gobernador Osvaldo Jaldo y el vicegobernador Miguel Acevedo. Adem\u00e1s, estuvieron presentes el presidente del Concejo Deliberante capitalino, Fernando Juri; la presidenta de la Comisi\u00f3n de Asuntos Municipales de la C\u00e1mara de Diputados de la Naci\u00f3n, Carolina Basualdo; el director ejecutivo de la RAMCC, Ricardo Bertolino; y la secretaria de Ambiente y Desarrollo Sustentable del Municipio, Julieta Migliavacca.<\/p>\n<p>De la ceremonia inaugural tambi\u00e9n participaron intendentes de distintas provincias, funcionarios del gabinete nacional, legisladores, autoridades provinciales y representantes de delegaciones internacionales provenientes de Chile, Paraguay y Portugal.<\/p>\n<p><a href=\"https:\/\/www.lapoliticaonline.com\/tools\/redirect.php?t=3&amp;i=343457&amp;s=6121f9844de885f31c712b98705e32ff\" class=\"link-type-content content-type-noticia-ar\">Jaldo recibi\u00f3 de Naci\u00f3n la adjudicaci\u00f3n del Acueducto de Vipos<\/a><\/p>\n<p>En ese contexto se reuni\u00f3 la Mesa de Intendentes de ciudades ex sedes de la RAMCC y capitales provinciales, de la que participaron el intendente de Godoy Cruz, Diego Costarelli; el intendente de C\u00f3rdoba, Daniel Passerini; la intendenta de Paran\u00e1, Rosario Romero; y el jefe de Gabinete de Rosario, Rogelio Biazzi. El panel fue moderado por la intendenta Rossana Chahla.<\/p>\n<p>M\u00e1s tarde tuvo lugar la Mesa Provincial de Ambiente, en la que funcionarios de las \u00e1reas clim\u00e1ticas de C\u00f3rdoba, Santa Fe, Entre R\u00edos, Jujuy y La Pampa compartieron experiencias y pol\u00edticas p\u00fablicas desarrolladas en sus jurisdicciones.&nbsp;<\/p>\n<p class=\"authorquote\" title=\"Rossana Chahla, intendente de San Miguel. \">Hoy es un d\u00eda muy importante para la provincia de Tucum\u00e1n. En San Miguel de Tucum\u00e1n se est\u00e1 llevando a cabo la octava asamblea de la Red Argentina de Municipios frente al Cambio Clim\u00e1tico, una red que nuclea alrededor de 300 ciudades de toda la Argentina<\/p>\n<p>Uno de los momentos centrales de la jornada fue la presentaci\u00f3n del Plan Local de Acci\u00f3n Clim\u00e1tica de San Miguel de Tucum\u00e1n, expuesto por la intendenta Chahla junto a la secretaria Migliavacca. El plan establece lineamientos y objetivos para avanzar hacia una ciudad m\u00e1s sostenible y resiliente frente a los desaf\u00edos ambientales.<\/p>\n<p>En ese marco, la jefa municipal destac\u00f3 la importancia de que la provincia sea sede del encuentro y subray\u00f3 el compromiso de la ciudad con las pol\u00edticas ambientales.<\/p>\n<figure class=\"vsmimage\" contenteditable=\"false\"><img loading=\"lazy\" alt=\"Osvaldo Jaldo\" data-vsmid=\"285361\" data-owidth=\"1600\" data-oheight=\"1068\" src=\"data:image\/png;base64,iVBORw0KGgoAAAANSUhEUgAAAx4AAAIOAQMAAAAMVUlSAAAAA1BMVEUAAACnej3aAAAAAXRSTlMAQObYZgAAAElJREFUeJztwQEBAAAAgiD\/r25IQAEAAAAAAAAAAAAAAAAAAAAAAAAAAAAAAAAAAAAAAAAAAAAAAAAAAAAAAAAAAAAAAAAAAPBjz4YAAXoxaWgAAAAASUVORK5CYII=\" vsmidos=\"1\" vsmsrc=\"\/files\/image\/285\/285361\/69ecfe3a256b2_798_526!.jpg?s=d32bd02ee5d54961d3c824109172c413&amp;d=1777139259\" width=\"798\" height=\"526\"><\/figure>\n<p>&#8220;Hoy es un d\u00eda muy importante para la provincia de Tucum\u00e1n. En San Miguel de Tucum\u00e1n se est\u00e1 llevando a cabo la octava asamblea de la Red Argentina de Municipios frente al Cambio Clim\u00e1tico, una red que nuclea alrededor de 300 ciudades de toda la Argentina&#8221;, se\u00f1al\u00f3.<\/p>\n<p>Chahla explic\u00f3 que la capital tucumana pudo integrarse a la red luego de cumplir una serie de requisitos t\u00e9cnicos vinculados con la medici\u00f3n de emisiones y la planificaci\u00f3n clim\u00e1tica. &#8220;Para entrar a esta red tenemos que cumplimentar ciertos requisitos, como tener nuestra huella de carbono y contar con un Plan Local de Acci\u00f3n Clim\u00e1tica. Ese plan lo elaboramos en ocho meses gracias al gran trabajo de la Secretar\u00eda de Ambiente y de un equipo que trabaja de manera transversal con todas las \u00e1reas del municipio&#8221;, indic\u00f3.<\/p>\n<p>La intendente remarc\u00f3 que el cambio clim\u00e1tico representa un desaf\u00edo global que requiere acciones tanto de mitigaci\u00f3n como de adaptaci\u00f3n. &#8220;Sabemos que es un desaf\u00edo mundial que impacta en toda la humanidad. Por eso trabajamos en mitigar las causas del cambio clim\u00e1tico, pero tambi\u00e9n en adaptarnos a sus consecuencias, porque los fen\u00f3menos extremos ya est\u00e1n ocurriendo&#8221;, afirm\u00f3.<\/p>\n<p>Chahla tambi\u00e9n hizo hincapi\u00e9 en el impacto social de la crisis clim\u00e1tica y vincul\u00f3 la agenda ambiental con la equidad. &#8220;No hay justicia social sin justicia ambiental&#8221;, afirm\u00f3, al se\u00f1alar que los sectores m\u00e1s vulnerables suelen ser los que m\u00e1s sufren las consecuencias de los fen\u00f3menos clim\u00e1ticos extremos.<\/p>\n<p>Adem\u00e1s, la jefa municipal destac\u00f3 que el encuentro re\u00fane a m\u00e1s de 90 intendentes de distintas ciudades del pa\u00eds y delegaciones internacionales, lo que permitir\u00e1 intercambiar experiencias y estrategias. &#8220;Nos interesa saber qu\u00e9 hacen otras ciudades, compartir experiencias y tambi\u00e9n mostrar qu\u00e9 estamos haciendo nosotros. Ac\u00e1 se gestiona con datos y esos datos se comparten dentro de la red&#8221;, sostuvo.<\/p>\n<p>Entre las acciones que impulsa el municipio, mencion\u00f3 la gesti\u00f3n de residuos, el compostaje, la generaci\u00f3n de energ\u00eda a partir de biog\u00e1s y los programas de forestaci\u00f3n urbana. &#8220;Tenemos un inventario de 169.000 \u00e1rboles en la ciudad y nos propusimos plantar 10.000 m\u00e1s hasta 2027 y 40.000 hasta 2030. Son pol\u00edticas basadas en datos y evidencia cient\u00edfica que apuntan a mejorar la calidad de vida de los vecinos&#8221;, remarc\u00f3.&nbsp;<\/p>\n<p class=\"authorquote\" title=\"Osvaldo Jaldo, gobernador de Tucum\u00e1n.\">Este evento no se da por casualidad ni se designa de manera caprichosa. San Miguel de Tucum\u00e1n tuvo que cumplir determinados requisitos para que esta octava asamblea se realice en nuestra provincia<\/p>\n<p>Por su parte, el gobernador Osvaldo Jaldo valor\u00f3 la realizaci\u00f3n del encuentro en la provincia y destac\u00f3 el trabajo previo realizado por el municipio capitalino para integrar la red.<\/p>\n<p>&#8220;Este evento no se da por casualidad ni se designa de manera caprichosa. San Miguel de Tucum\u00e1n tuvo que cumplir determinados requisitos para que esta octava asamblea se realice en nuestra provincia&#8221;, afirm\u00f3.<\/p>\n<p><a href=\"https:\/\/www.lapoliticaonline.com\/tools\/redirect.php?t=3&amp;i=341487&amp;s=3d7ba19e9a1799e2173e2c076712b851\" class=\"link-type-content content-type-noticia-ar\">Jaldo recibi\u00f3 a industriales para el inicio de la zafra 2026&nbsp;<\/a><\/p>\n<p>En ese sentido, felicit\u00f3 a la intendenta y a su equipo de trabajo. &#8220;Quiero felicitar a la se\u00f1ora intendenta y a todo su equipo, que viene desarrollando un importante trabajo en materia ambiental. Adem\u00e1s, desde el municipio de la Capital se est\u00e1 colaborando con otros municipios del interior y con comunas rurales de la provincia&#8221;, sostuvo.<\/p>\n<p>El plenario de la VIII Asamblea Nacional de Intendentes de la RAMCC continuar\u00e1 este s\u00e1bado con nuevas mesas de trabajo, exposiciones y debates centrados en el fortalecimiento de las pol\u00edticas clim\u00e1ticas locales y la cooperaci\u00f3n entre municipios de todo el pa\u00eds.<\/p>\n","protected":false},"excerpt":{"rendered":"<p>&nbsp;Con la presencia de intendentes y funcionarios municipales de todo el pa\u00eds, autoridades provinciales y nacionales, especialistas y delegaciones internacionales, este viernes se concret\u00f3 la jornada inaugural de la VIII Asamblea Nacional de Intendentes de la Red Argentina de Municipios frente al Cambio Clim\u00e1tico (RAMCC). El evento tuvo lugar en el Hotel Sheraton y fue [&hellip;]<\/p>\n","protected":false},"author":1,"featured_media":50051,"comment_status":"closed","ping_status":"closed","sticky":false,"template":"","format":"standard","meta":{"om_disable_all_campaigns":false,"_monsterinsights_skip_tracking":false,"_monsterinsights_sitenote_active":false,"_monsterinsights_sitenote_note":"","_monsterinsights_sitenote_category":0},"categories":[30],"tags":[],"aioseo_notices":[],"_links":{"self":[{"href":"https:\/\/cordobapolitica.com\/index.php?rest_route=\/wp\/v2\/posts\/50050"}],"collection":[{"href":"https:\/\/cordobapolitica.com\/index.php?rest_route=\/wp\/v2\/posts"}],"about":[{"href":"https:\/\/cordobapolitica.com\/index.php?rest_route=\/wp\/v2\/types\/post"}],"author":[{"embeddable":true,"href":"https:\/\/cordobapolitica.com\/index.php?rest_route=\/wp\/v2\/users\/1"}],"replies":[{"embeddable":true,"href":"https:\/\/cordobapolitica.com\/index.php?rest_route=%2Fwp%2Fv2%2Fcomments&post=50050"}],"version-history":[{"count":0,"href":"https:\/\/cordobapolitica.com\/index.php?rest_route=\/wp\/v2\/posts\/50050\/revisions"}],"wp:featuredmedia":[{"embeddable":true,"href":"https:\/\/cordobapolitica.com\/index.php?rest_route=\/wp\/v2\/media\/50051"}],"wp:attachment":[{"href":"https:\/\/cordobapolitica.com\/index.php?rest_route=%2Fwp%2Fv2%2Fmedia&parent=50050"}],"wp:term":[{"taxonomy":"category","embeddable":true,"href":"https:\/\/cordobapolitica.com\/index.php?rest_route=%2Fwp%2Fv2%2Fcategories&post=50050"},{"taxonomy":"post_tag","embeddable":true,"href":"https:\/\/cordobapolitica.com\/index.php?rest_route=%2Fwp%2Fv2%2Ftags&post=50050"}],"curies":[{"name":"wp","href":"https:\/\/api.w.org\/{rel}","templated":true}]}}