{"id":47902,"date":"2026-03-11T12:11:32","date_gmt":"2026-03-11T12:11:32","guid":{"rendered":"https:\/\/politicacordobaverdad.com.ar\/?p=74262"},"modified":"2026-03-11T12:11:32","modified_gmt":"2026-03-11T12:11:32","slug":"los-docentes-analizan-mejor-propuesta-salarial-del-gobierno-de-cordoba-cuales-son-las-mejoras","status":"publish","type":"post","link":"https:\/\/cordobapolitica.com\/?p=47902","title":{"rendered":"Los docentes analizan mejor propuesta salarial del gobierno de C\u00f3rdoba, cu\u00e1les son las mejoras"},"content":{"rendered":"<p>Desde la&nbsp;Uni\u00f3n de Educadores de la Provincia de C\u00f3rdoba confirmaron que el Gobierno les present\u00f3 una nueva propuesta salarial que \u201ccontiene algunos de los requerimientos\u201d que fueron planteados, y es analizada por estas horas.<\/p>\n<p>Al mismo tiempo anunciaron un cronograma para el an\u00e1lisis de la nueva propuesta oficial, que se desarrolla de la siguiente manera<\/p>\n<p>Mi\u00e9rcoles 11\/03: Asamblea Informativa por departamento.<br \/>Jueves 12\/03: Asambleas informativas y resolutivas por escuela de 2 h por turno.<br \/>Viernes 13\/03: Asamblea resolutiva por departamento.<br \/>Lunes 16\/03: Asamblea de Delegadas y Delegados Departamentales.<\/p>\n<p>La propuesta del gobierno de la provincia es desde el 1\u00b0 de febrero de 2026 al 31 de enero de 2027 y ofrece aumentos salariales mensuales remunerativos, bonificables y acumulativos desde febrero de 2026, iguales a la variaci\u00f3n del IPC del mes anterior hasta el mes junio. A partir de julio y hasta enero, se actualizar\u00e1n teniendo en cuenta las variables IPC y la recaudaci\u00f3n.<br \/>Adem\u00e1s incluye compensaci\u00f3n Fonid que garantiza el pago por todo el plazo de la paritaria, actualiz\u00e1ndolo mensualmente por IPC hasta junio. A partir de julio y hasta enero, se actualizar\u00e1n teniendo en cuenta las variables IPC y la recaudaci\u00f3n.<br \/>Tambi\u00e9n ofrece la eliminaci\u00f3n del tope del complemento remunerativo a partir de marzo, que quedar\u00eda de la siguiente manera<\/p>\n<figure class=\"wp-block-image size-full\"><a href=\"http:\/\/cordobapolitica.com\/wp-content\/uploads\/2026\/03\/los-docentes-analizan-mejor-propuesta-salarial-del-gobierno-de-cordoba-cuales-son-las-mejoras.png\"><img loading=\"lazy\" width=\"663\" height=\"102\" src=\"http:\/\/cordobapolitica.com\/wp-content\/uploads\/2026\/03\/los-docentes-analizan-mejor-propuesta-salarial-del-gobierno-de-cordoba-cuales-son-las-mejoras.png\" alt class=\"wp-image-74263\"><\/a><\/figure>\n<p>El gobierno de C\u00f3rdoba incluye tambi\u00e9n un Plan de Alivio Financiero para las deudas de los docentes activos y jubilados con el Banco de C\u00f3rdoba: Esto implica un plan de refinanciaci\u00f3n de 12, 24, 36, 48 y hasta 60 cuotas fijas.<\/p>\n<p>El ofrecimiento incluye dos cl\u00e1usulas importantes, una de revisi\u00f3n seg\u00fan la cual, durante el mes de octubre se revisar\u00e1 el cumplimiento de lo acordado y se realizar\u00e1 el seguimiento de las variables generales. Y adem\u00e1s propone una Cl\u00e1usula de Igual tratamiento que implica que en el caso de que se otorguen incrementos adicionales a otros sectores durante el per\u00edodo del acuerdo, estos se trasladen al de los docentes.<\/p>\n<p>Para los jubilados, al c\u00e1lculo de la movilidad se aplica pauta salarial remunerativa de activos y el aumento de la<br \/>Compensaci\u00f3n FONID; en relaci\u00f3n a la Ley de equidad jubilatoria, se abordar\u00e1 en el marco de la mesa de gremios aportantes a la caja.<\/p>\n<p>Los docentes deber\u00e1n decidir en los pr\u00f3ximos d\u00edas si aceptan esta propuesta del gobierno de C\u00f3rdoba.<\/p>\n","protected":false},"excerpt":{"rendered":"<p>Desde la&nbsp;Uni\u00f3n de Educadores de la Provincia de C\u00f3rdoba confirmaron que el Gobierno les present\u00f3 una nueva propuesta salarial que \u201ccontiene algunos de los requerimientos\u201d que fueron planteados, y es analizada por estas horas. Al mismo tiempo anunciaron un cronograma para el an\u00e1lisis de la nueva propuesta oficial, que se desarrolla de la siguiente manera [&hellip;]<\/p>\n","protected":false},"author":1,"featured_media":47903,"comment_status":"closed","ping_status":"closed","sticky":false,"template":"","format":"standard","meta":{"om_disable_all_campaigns":false,"_monsterinsights_skip_tracking":false,"_monsterinsights_sitenote_active":false,"_monsterinsights_sitenote_note":"","_monsterinsights_sitenote_category":0},"categories":[4],"tags":[],"aioseo_notices":[],"_links":{"self":[{"href":"https:\/\/cordobapolitica.com\/index.php?rest_route=\/wp\/v2\/posts\/47902"}],"collection":[{"href":"https:\/\/cordobapolitica.com\/index.php?rest_route=\/wp\/v2\/posts"}],"about":[{"href":"https:\/\/cordobapolitica.com\/index.php?rest_route=\/wp\/v2\/types\/post"}],"author":[{"embeddable":true,"href":"https:\/\/cordobapolitica.com\/index.php?rest_route=\/wp\/v2\/users\/1"}],"replies":[{"embeddable":true,"href":"https:\/\/cordobapolitica.com\/index.php?rest_route=%2Fwp%2Fv2%2Fcomments&post=47902"}],"version-history":[{"count":0,"href":"https:\/\/cordobapolitica.com\/index.php?rest_route=\/wp\/v2\/posts\/47902\/revisions"}],"wp:featuredmedia":[{"embeddable":true,"href":"https:\/\/cordobapolitica.com\/index.php?rest_route=\/wp\/v2\/media\/47903"}],"wp:attachment":[{"href":"https:\/\/cordobapolitica.com\/index.php?rest_route=%2Fwp%2Fv2%2Fmedia&parent=47902"}],"wp:term":[{"taxonomy":"category","embeddable":true,"href":"https:\/\/cordobapolitica.com\/index.php?rest_route=%2Fwp%2Fv2%2Fcategories&post=47902"},{"taxonomy":"post_tag","embeddable":true,"href":"https:\/\/cordobapolitica.com\/index.php?rest_route=%2Fwp%2Fv2%2Ftags&post=47902"}],"curies":[{"name":"wp","href":"https:\/\/api.w.org\/{rel}","templated":true}]}}