{"id":18781,"date":"2014-09-20T01:19:37","date_gmt":"2014-09-20T01:19:37","guid":{"rendered":"https:\/\/cordobapolitica.com\/?p=18781"},"modified":"2014-09-20T01:19:37","modified_gmt":"2014-09-20T01:19:37","slug":"intruso-dispara-alarmas-en-la-casa-blanca","status":"publish","type":"post","link":"https:\/\/cordobapolitica.com\/?p=18781","title":{"rendered":"Intruso dispara alarmas en la Casa Blanca"},"content":{"rendered":"<div class=\"media_block\"><img src=\"http:\/\/ichef.bbci.co.uk\/wsimagechef\/ic\/106x60\/amz\/worldservice\/live\/assets\/images\/2014\/09\/20\/140920011857_sp_casa_blanca_144x81_reuters_nocredit.jpg\" class=\"media_thumbnail\"><img src=\"http:\/\/a.files.bbci.co.uk\/worldservice\/live\/assets\/images\/2014\/09\/20\/140920011857_sp_casa_blanca_144x81_reuters_nocredit.jpg\" class=\"media_thumbnail\"><\/div>\n<p>20 septiembre 2014<\/p>\n<div dir=\"ltr\" class=\"bbc-1ka88fa ebmt73l0\">\n<figure class=\"bbc-1qdcvv9 e1aczekt0\">\n<div dir=\"ltr\" class=\"bbc-172p16q ebmt73l0\">\n<div dir=\"ltr\" class=\"bbc-189y18v ebmt73l0\">\n<div data-e2e=\"image-placeholder\" class=\"bbc-997y1y eihqrxw0\"><img loading=\"lazy\" src=\"http:\/\/cordobapolitica.com\/wp-content\/uploads\/2023\/09\/intruso-dispara-alarmas-en-la-casa-blanca.jpg\" alt=\"Agente del Servicio Secreto.\" width=\"624\" height=\"351\" class=\"e3vrtyk0 bbc-rb7xa0 e1mo64ex0\"><\/p>\n<p role=\"text\" class=\"bbc-1s1cxbv ewbcsnk0\"><span class=\"bbc-m04vo2\">Fuente de la imagen, <\/span><span lang=\"en-GB\">Reuters<\/span><\/p>\n<\/div>\n<\/div>\n<div dir=\"ltr\" class=\"bbc-3edg7g ebmt73l0\"><figcaption dir=\"ltr\" class=\"bbc-rhuvwm e6i104o0\"><span class=\"bbc-m04vo2\">Pie de foto, <\/span><\/p>\n<p>Cuando el Servicio Secreto procedi\u00f3 a la evacuaci\u00f3n, Obama no estaba en la Casa Blanca.<\/p>\n<\/figcaption><\/div>\n<\/div>\n<\/figure>\n<\/div>\n<div dir=\"ltr\" class=\"bbc-19j92fr ebmt73l0\">\n<p dir=\"ltr\" class=\"bbc-hhl7in e17g058b0\"><b>Los servicios de seguridad de la Casa Blanca obligaron a evacuar moment\u00e1neamente una parte de la residencia oficial del presidente de Estados Unidos despu\u00e9s de que se detectara la presencia de un intruso.<\/b><\/p>\n<\/div>\n<div dir=\"ltr\" class=\"bbc-19j92fr ebmt73l0\">\n<p dir=\"ltr\" class=\"bbc-hhl7in e17g058b0\">El intruso fue visto corriendo hacia el edificio poco despu\u00e9s de que el presidente Barack Obama abandonara la Casa Blanca el viernes.<\/p>\n<\/div>\n<div dir=\"ltr\" class=\"bbc-19j92fr ebmt73l0\">\n<p dir=\"ltr\" class=\"bbc-hhl7in e17g058b0\">Testigos dijeron que vieron al hombre saltar la verja y correr hacia el p\u00f3rtico norte del edificio.<\/p>\n<\/div>\n<div dir=\"ltr\" class=\"bbc-19j92fr ebmt73l0\">\n<p dir=\"ltr\" class=\"bbc-hhl7in e17g058b0\">Obama hab\u00eda despegado en su helic\u00f3ptero rumbo a Camp David, la residencia de descanso del presidente.<\/p>\n<\/div>\n<section aria-label=\"Publicidad 2\" aria-hidden=\"true\" role=\"region\" data-e2e=\"advertisement\" class=\"e1j2237y7 bbc-sswtix e8sa160\"><\/section>\n<div dir=\"ltr\" class=\"bbc-19j92fr ebmt73l0\">\n<p dir=\"ltr\" class=\"bbc-hhl7in e17g058b0\">Trabajadores y periodistas fueron escoltados y sacados del edificio mientras era evacuada la mayor\u00eda del ala oeste.<\/p>\n<\/div>\n","protected":false},"excerpt":{"rendered":"<p>20 septiembre 2014 Fuente de la imagen, Reuters Pie de foto, Cuando el Servicio Secreto procedi\u00f3 a la evacuaci\u00f3n, Obama no estaba en la Casa Blanca. Los servicios de seguridad de la Casa Blanca obligaron a evacuar moment\u00e1neamente una parte de la residencia oficial del presidente de Estados Unidos despu\u00e9s de que se detectara la [&hellip;]<\/p>\n","protected":false},"author":1,"featured_media":18782,"comment_status":"closed","ping_status":"closed","sticky":false,"template":"","format":"standard","meta":{"om_disable_all_campaigns":false,"_monsterinsights_skip_tracking":false,"_monsterinsights_sitenote_active":false,"_monsterinsights_sitenote_note":"","_monsterinsights_sitenote_category":0},"categories":[6],"tags":[],"aioseo_notices":[],"_links":{"self":[{"href":"https:\/\/cordobapolitica.com\/index.php?rest_route=\/wp\/v2\/posts\/18781"}],"collection":[{"href":"https:\/\/cordobapolitica.com\/index.php?rest_route=\/wp\/v2\/posts"}],"about":[{"href":"https:\/\/cordobapolitica.com\/index.php?rest_route=\/wp\/v2\/types\/post"}],"author":[{"embeddable":true,"href":"https:\/\/cordobapolitica.com\/index.php?rest_route=\/wp\/v2\/users\/1"}],"replies":[{"embeddable":true,"href":"https:\/\/cordobapolitica.com\/index.php?rest_route=%2Fwp%2Fv2%2Fcomments&post=18781"}],"version-history":[{"count":0,"href":"https:\/\/cordobapolitica.com\/index.php?rest_route=\/wp\/v2\/posts\/18781\/revisions"}],"wp:featuredmedia":[{"embeddable":true,"href":"https:\/\/cordobapolitica.com\/index.php?rest_route=\/wp\/v2\/media\/18782"}],"wp:attachment":[{"href":"https:\/\/cordobapolitica.com\/index.php?rest_route=%2Fwp%2Fv2%2Fmedia&parent=18781"}],"wp:term":[{"taxonomy":"category","embeddable":true,"href":"https:\/\/cordobapolitica.com\/index.php?rest_route=%2Fwp%2Fv2%2Fcategories&post=18781"},{"taxonomy":"post_tag","embeddable":true,"href":"https:\/\/cordobapolitica.com\/index.php?rest_route=%2Fwp%2Fv2%2Ftags&post=18781"}],"curies":[{"name":"wp","href":"https:\/\/api.w.org\/{rel}","templated":true}]}}