{"id":11203,"date":"2014-09-20T00:55:50","date_gmt":"2014-09-20T00:55:50","guid":{"rendered":"https:\/\/cordobapolitica.com\/?p=11203"},"modified":"2014-09-20T00:55:50","modified_gmt":"2014-09-20T00:55:50","slug":"ucrania-alcanza-un-acuerdo-de-paz-con-los-rebeldes-prorrusos","status":"publish","type":"post","link":"https:\/\/cordobapolitica.com\/?p=11203","title":{"rendered":"Ucrania alcanza un acuerdo de paz con los rebeldes prorrusos"},"content":{"rendered":"<div class=\"media_block\"><img src=\"http:\/\/ichef.bbci.co.uk\/wsimagechef\/ic\/106x60\/amz\/worldservice\/live\/assets\/images\/2014\/09\/20\/140920005719_sp_ucrania_144x81_epa_nocredit.jpg\" class=\"media_thumbnail\"><img src=\"http:\/\/a.files.bbci.co.uk\/worldservice\/live\/assets\/images\/2014\/09\/20\/140920005719_sp_ucrania_144x81_epa_nocredit.jpg\" class=\"media_thumbnail\"><\/div>\n<p>20 septiembre 2014<\/p>\n<div dir=\"ltr\" class=\"bbc-1ka88fa ebmt73l0\">\n<figure class=\"bbc-1qdcvv9 e1aczekt0\">\n<div dir=\"ltr\" class=\"bbc-172p16q ebmt73l0\">\n<div dir=\"ltr\" class=\"bbc-189y18v ebmt73l0\">\n<div data-e2e=\"image-placeholder\" class=\"bbc-997y1y eihqrxw0\"><img loading=\"lazy\" src=\"http:\/\/cordobapolitica.com\/wp-content\/uploads\/2023\/03\/ucrania-alcanza-un-acuerdo-de-paz-con-los-rebeldes-prorrusos.jpg\" alt=\"Ucrania\" width=\"624\" height=\"351\" class=\"e3vrtyk0 bbc-rb7xa0 e1mo64ex0\"><\/p>\n<p role=\"text\" class=\"bbc-1s1cxbv ewbcsnk0\"><span class=\"bbc-1gnhmg2 ed7bp6y0\">Fuente de la imagen, <\/span><span lang=\"en-GB\">EPA<\/span><\/p>\n<\/div>\n<\/div>\n<div dir=\"ltr\" class=\"bbc-3edg7g ebmt73l0\"><figcaption dir=\"ltr\" class=\"bbc-rhuvwm e6i104o0\"><span class=\"bbc-1gnhmg2 ed7bp6y0\">Pie de foto, <\/span><\/p>\n<p>El nuevo acuerdo trata de acabar con las reiteradas violaciones del reciente alto el fuego.<\/p>\n<\/figcaption><\/div>\n<\/div>\n<\/figure>\n<\/div>\n<div dir=\"ltr\" class=\"bbc-19j92fr ebmt73l0\">\n<p dir=\"ltr\" class=\"bbc-hhl7in e17g058b0\"><b>El gobierno de Ucrania lleg\u00f3 a un acuerdo sobre un plan de paz con los rebeldes prorrusos del oriente del pa\u00eds.<\/b><\/p>\n<\/div>\n<div dir=\"ltr\" class=\"bbc-19j92fr ebmt73l0\">\n<p dir=\"ltr\" class=\"bbc-hhl7in e17g058b0\">El memor\u00e1ndum para el acuerdo prev\u00e9 una zona de distensi\u00f3n de 30 kil\u00f3metros, la prohibici\u00f3n de sobrevuelos militares por determinadas partes del este del pa\u00eds y la retirada de los mercenarios extranjeros en ambos bandos.<\/p>\n<\/div>\n<div dir=\"ltr\" class=\"bbc-19j92fr ebmt73l0\">\n<p dir=\"ltr\" class=\"bbc-hhl7in e17g058b0\">El acuerdo surgi\u00f3 de las conversaciones de paz de Bielorrusia, donde ya se hab\u00eda acordado un alto el fuego hace dos semanas, que aunque todav\u00eda rige ha sido frecuentemente violado.<\/p>\n<\/div>\n<div dir=\"ltr\" class=\"bbc-19j92fr ebmt73l0\">\n<p dir=\"ltr\" class=\"bbc-hhl7in e17g058b0\">El conflicto entre las tropas leales a Kiev y los separatistas del este del pa\u00eds ha dejado m\u00e1s de 3.000 muertes.<\/p>\n<\/div>\n<section aria-label=\"Publicidad 2\" aria-hidden=\"true\" role=\"region\" data-e2e=\"advertisement\" class=\"e1j2237y8 bbc-sswtix e8sa160\"><\/section>\n<div dir=\"ltr\" class=\"bbc-19j92fr ebmt73l0\">\n<p dir=\"ltr\" class=\"bbc-hhl7in e17g058b0\">Ucrania acusa a Rusia de apoyar a los separatistas con armas y personal, pero Mosc\u00fa niega tener ning\u00fan tipo de rol en el conflicto.<\/p>\n<\/div>\n<div dir=\"ltr\" class=\"bbc-19j92fr ebmt73l0\">\n<p dir=\"ltr\" class=\"bbc-hhl7in e17g058b0\">En Minsk no se discuti\u00f3 el estatuto que tendr\u00e1n las \u00e1reas dominadas por los rebeldes, Luhansk y Donetsk.<\/p>\n<\/div>\n","protected":false},"excerpt":{"rendered":"<p>20 septiembre 2014 Fuente de la imagen, EPA Pie de foto, El nuevo acuerdo trata de acabar con las reiteradas violaciones del reciente alto el fuego. El gobierno de Ucrania lleg\u00f3 a un acuerdo sobre un plan de paz con los rebeldes prorrusos del oriente del pa\u00eds. El memor\u00e1ndum para el acuerdo prev\u00e9 una zona [&hellip;]<\/p>\n","protected":false},"author":1,"featured_media":11204,"comment_status":"closed","ping_status":"closed","sticky":false,"template":"","format":"standard","meta":{"om_disable_all_campaigns":false,"_monsterinsights_skip_tracking":false,"_monsterinsights_sitenote_active":false,"_monsterinsights_sitenote_note":"","_monsterinsights_sitenote_category":0},"categories":[6],"tags":[],"aioseo_notices":[],"_links":{"self":[{"href":"https:\/\/cordobapolitica.com\/index.php?rest_route=\/wp\/v2\/posts\/11203"}],"collection":[{"href":"https:\/\/cordobapolitica.com\/index.php?rest_route=\/wp\/v2\/posts"}],"about":[{"href":"https:\/\/cordobapolitica.com\/index.php?rest_route=\/wp\/v2\/types\/post"}],"author":[{"embeddable":true,"href":"https:\/\/cordobapolitica.com\/index.php?rest_route=\/wp\/v2\/users\/1"}],"replies":[{"embeddable":true,"href":"https:\/\/cordobapolitica.com\/index.php?rest_route=%2Fwp%2Fv2%2Fcomments&post=11203"}],"version-history":[{"count":0,"href":"https:\/\/cordobapolitica.com\/index.php?rest_route=\/wp\/v2\/posts\/11203\/revisions"}],"wp:featuredmedia":[{"embeddable":true,"href":"https:\/\/cordobapolitica.com\/index.php?rest_route=\/wp\/v2\/media\/11204"}],"wp:attachment":[{"href":"https:\/\/cordobapolitica.com\/index.php?rest_route=%2Fwp%2Fv2%2Fmedia&parent=11203"}],"wp:term":[{"taxonomy":"category","embeddable":true,"href":"https:\/\/cordobapolitica.com\/index.php?rest_route=%2Fwp%2Fv2%2Fcategories&post=11203"},{"taxonomy":"post_tag","embeddable":true,"href":"https:\/\/cordobapolitica.com\/index.php?rest_route=%2Fwp%2Fv2%2Ftags&post=11203"}],"curies":[{"name":"wp","href":"https:\/\/api.w.org\/{rel}","templated":true}]}}