{"id":11065,"date":"2014-09-20T04:35:23","date_gmt":"2014-09-20T04:35:23","guid":{"rendered":"https:\/\/cordobapolitica.com\/?p=11065"},"modified":"2014-09-20T04:35:23","modified_gmt":"2014-09-20T04:35:23","slug":"el-grupo-yihadista-estado-islamico-libera-a-49-rehenes-turcos","status":"publish","type":"post","link":"https:\/\/cordobapolitica.com\/?p=11065","title":{"rendered":"El grupo yihadista Estado Isl\u00e1mico libera a 49 rehenes turcos"},"content":{"rendered":"<div class=\"media_block\"><img src=\"http:\/\/ichef.bbci.co.uk\/wsimagechef\/ic\/106x60\/amz\/worldservice\/live\/assets\/images\/2014\/09\/20\/140920050734_sp_ei_144x81_ap_nocredit.jpg\" class=\"media_thumbnail\"><img src=\"http:\/\/a.files.bbci.co.uk\/worldservice\/live\/assets\/images\/2014\/09\/20\/140920050734_sp_ei_144x81_ap_nocredit.jpg\" class=\"media_thumbnail\"><img src=\"http:\/\/ichef.bbci.co.uk\/wsimagechef\/ic\/106x60\/amz\/worldservice\/live\/assets\/images\/2014\/09\/12\/140912164946_islamic_state_144x81_afp_nocredit.jpg\" class=\"media_thumbnail\"><img src=\"http:\/\/a.files.bbci.co.uk\/worldservice\/live\/assets\/images\/2014\/09\/12\/140912164946_islamic_state_144x81_afp_nocredit.jpg\" class=\"media_thumbnail\"><\/div>\n<div dir=\"ltr\" class=\"e1j2237y6 bbc-q4ibpr ebmt73l0\">\n<div class=\"bbc-1atl7vu euvj3t14\">\n<ul role=\"list\" class=\"bbc-k0l9bd euvj3t12\">\n<li role=\"listitem\" class=\"bbc-1a3w4ok euvj3t11\">Redacci\u00f3n<\/li>\n<li role=\"listitem\" class=\"bbc-1p92jtu euvj3t10\">BBC Mundo<\/li>\n<\/ul>\n<\/div>\n<\/div>\n<p>20 septiembre 2014<\/p>\n<div dir=\"ltr\" class=\"bbc-1ka88fa ebmt73l0\">\n<figure class=\"bbc-1qdcvv9 e1aczekt0\">\n<div dir=\"ltr\" class=\"bbc-172p16q ebmt73l0\">\n<div dir=\"ltr\" class=\"bbc-189y18v ebmt73l0\">\n<div data-e2e=\"image-placeholder\" class=\"bbc-997y1y eihqrxw0\"><img loading=\"lazy\" src=\"http:\/\/cordobapolitica.com\/wp-content\/uploads\/2023\/03\/el-grupo-yihadista-estado-islamico-libera-a-49-rehenes-turcos.jpg\" alt=\"EI\" width=\"624\" height=\"351\" class=\"e3vrtyk0 bbc-rb7xa0 e1mo64ex0\"><\/p>\n<p role=\"text\" class=\"bbc-1s1cxbv ewbcsnk0\"><span class=\"bbc-1gnhmg2 ed7bp6y0\">Fuente de la imagen, <\/span><span lang=\"en-GB\">AP<\/span><\/p>\n<\/div>\n<\/div>\n<div dir=\"ltr\" class=\"bbc-3edg7g ebmt73l0\"><figcaption dir=\"ltr\" class=\"bbc-rhuvwm e6i104o0\"><span class=\"bbc-1gnhmg2 ed7bp6y0\">Pie de foto, <\/span><\/p>\n<p>La liberaci\u00f3n se produjo en Irak.<\/p>\n<\/figcaption><\/div>\n<\/div>\n<\/figure>\n<\/div>\n<div dir=\"ltr\" class=\"bbc-19j92fr ebmt73l0\">\n<p dir=\"ltr\" class=\"bbc-hhl7in e17g058b0\"><b>El gobierno de Turqu\u00eda inform\u00f3 que el grupo extremista autodenominado Estado Isl\u00e1mico liber\u00f3 a 49 rehenes originarios de ese pa\u00eds.<\/b><\/p>\n<\/div>\n<div dir=\"ltr\" class=\"bbc-19j92fr ebmt73l0\">\n<p dir=\"ltr\" class=\"bbc-hhl7in e17g058b0\">Seg\u00fan el primer ministro turco, Ahmet Davutoglu, los rehenes fueron liberados en el norte de Irak y ya est\u00e1n de vuelta en Turqu\u00eda.<\/p>\n<\/div>\n<div dir=\"ltr\" class=\"bbc-19j92fr ebmt73l0\">\n<p dir=\"ltr\" class=\"bbc-hhl7in e17g058b0\">Entre ellos, hay diplom\u00e1ticos, militares y hasta ni\u00f1os que fueron capturados en un ataque al consulado turco en Mosul en junio pasado.<\/p>\n<\/div>\n<div dir=\"ltr\" class=\"bbc-19j92fr ebmt73l0\">\n<p dir=\"ltr\" class=\"bbc-hhl7in e17g058b0\">Hasta ahora, Turqu\u00eda ha rehusado ofrecer ayuda militar directa a la coalici\u00f3n promovida por Estado Unidos contra EI por su preocupaci\u00f3n por el destino de los rehenes.<\/p>\n<\/div>\n<section aria-label=\"Publicidad 2\" aria-hidden=\"true\" role=\"region\" data-e2e=\"advertisement\" class=\"e1j2237y8 bbc-sswtix e8sa160\"><\/section>\n<div dir=\"ltr\" class=\"bbc-19j92fr ebmt73l0\">\n<p dir=\"ltr\" class=\"bbc-hhl7in e17g058b0\">En declaraciones a la televisi\u00f3n, el presidente turco, Tayyip Erdogan, dijo que la liberaci\u00f3n fue parte de una &#8220;operaci\u00f3n&#8221; planificada con antelaci\u00f3n por la inteligencia turca.<\/p>\n<\/div>\n<p><h2 id=\"En-buenas-condiciones\" class=\"bbc-1f03ibc eglt09e0\">En &#8220;buenas condiciones&#8221;<\/h2>\n<\/p>\n<div dir=\"ltr\" class=\"bbc-19j92fr ebmt73l0\">\n<p dir=\"ltr\" class=\"bbc-hhl7in e17g058b0\">Por su parte, Davutoglu indic\u00f3 que los rehenes estaban en buenas condiciones de salud y que fueron liberados en las primeras horas de este s\u00e1bado.<\/p>\n<\/div>\n<div dir=\"ltr\" class=\"bbc-19j92fr ebmt73l0\">\n<p dir=\"ltr\" class=\"bbc-hhl7in e17g058b0\">Los liberados fueron trasladados a la sure\u00f1a ciudad turca de Sanliurfa por agentes de inteligencia de Turqu\u00eda.<\/p>\n<\/div>\n<div dir=\"ltr\" class=\"bbc-19j92fr ebmt73l0\">\n<p dir=\"ltr\" class=\"bbc-hhl7in e17g058b0\">&#8220;Desde mi coraz\u00f3n, agradezco a las familias que mantuvieron su dignidad&#8221;, dijo el premier en su cuenta de Twitter.<\/p>\n<\/div>\n<div dir=\"ltr\" class=\"bbc-19j92fr ebmt73l0\">\n<p dir=\"ltr\" class=\"bbc-hhl7in e17g058b0\">Davutoglu acortar\u00e1 su visita a Azerbaiy\u00e1n para reunirse con los liberados.<\/p>\n<\/div>\n<div dir=\"ltr\" class=\"bbc-19j92fr ebmt73l0\">\n<p dir=\"ltr\" class=\"bbc-hhl7in e17g058b0\">Estado Isl\u00e1mico controla grandes extensiones de Irak y Siria. Se estima que el grupo puede tener unos 30.000 combatientes.<\/p>\n<\/div>\n<div dir=\"ltr\" class=\"bbc-19j92fr ebmt73l0\">\n<p dir=\"ltr\" class=\"bbc-hhl7in e17g058b0\">Hasta la fecha EE.UU. ha llevado a cabo unos 170 ataques a\u00e9reos contra el grupo yihadista en Irak desde el pasado mes de agosto.<\/p>\n<\/div>\n<div dir=\"ltr\" class=\"bbc-19j92fr ebmt73l0\">\n<p dir=\"ltr\" class=\"bbc-hhl7in e17g058b0\">Aviones caza franceses realizaron el primer ataque el viernes, destruyendo un dep\u00f3sito de EI en el noreste de Irak.<\/p>\n<\/div>\n","protected":false},"excerpt":{"rendered":"<p>Redacci\u00f3n BBC Mundo 20 septiembre 2014 Fuente de la imagen, AP Pie de foto, La liberaci\u00f3n se produjo en Irak. El gobierno de Turqu\u00eda inform\u00f3 que el grupo extremista autodenominado Estado Isl\u00e1mico liber\u00f3 a 49 rehenes originarios de ese pa\u00eds. Seg\u00fan el primer ministro turco, Ahmet Davutoglu, los rehenes fueron liberados en el norte de [&hellip;]<\/p>\n","protected":false},"author":1,"featured_media":11066,"comment_status":"closed","ping_status":"closed","sticky":false,"template":"","format":"standard","meta":{"om_disable_all_campaigns":false,"_monsterinsights_skip_tracking":false,"_monsterinsights_sitenote_active":false,"_monsterinsights_sitenote_note":"","_monsterinsights_sitenote_category":0},"categories":[6],"tags":[],"aioseo_notices":[],"_links":{"self":[{"href":"https:\/\/cordobapolitica.com\/index.php?rest_route=\/wp\/v2\/posts\/11065"}],"collection":[{"href":"https:\/\/cordobapolitica.com\/index.php?rest_route=\/wp\/v2\/posts"}],"about":[{"href":"https:\/\/cordobapolitica.com\/index.php?rest_route=\/wp\/v2\/types\/post"}],"author":[{"embeddable":true,"href":"https:\/\/cordobapolitica.com\/index.php?rest_route=\/wp\/v2\/users\/1"}],"replies":[{"embeddable":true,"href":"https:\/\/cordobapolitica.com\/index.php?rest_route=%2Fwp%2Fv2%2Fcomments&post=11065"}],"version-history":[{"count":0,"href":"https:\/\/cordobapolitica.com\/index.php?rest_route=\/wp\/v2\/posts\/11065\/revisions"}],"wp:featuredmedia":[{"embeddable":true,"href":"https:\/\/cordobapolitica.com\/index.php?rest_route=\/wp\/v2\/media\/11066"}],"wp:attachment":[{"href":"https:\/\/cordobapolitica.com\/index.php?rest_route=%2Fwp%2Fv2%2Fmedia&parent=11065"}],"wp:term":[{"taxonomy":"category","embeddable":true,"href":"https:\/\/cordobapolitica.com\/index.php?rest_route=%2Fwp%2Fv2%2Fcategories&post=11065"},{"taxonomy":"post_tag","embeddable":true,"href":"https:\/\/cordobapolitica.com\/index.php?rest_route=%2Fwp%2Fv2%2Ftags&post=11065"}],"curies":[{"name":"wp","href":"https:\/\/api.w.org\/{rel}","templated":true}]}}