{"id":11006,"date":"2014-09-20T03:59:13","date_gmt":"2014-09-20T03:59:13","guid":{"rendered":"https:\/\/cordobapolitica.com\/?p=11006"},"modified":"2014-09-20T03:59:13","modified_gmt":"2014-09-20T03:59:13","slug":"intruso-que-salto-la-verja-de-la-casa-blanca-llego-a-alcanzar-la-entrada","status":"publish","type":"post","link":"https:\/\/cordobapolitica.com\/?p=11006","title":{"rendered":"Intruso que salt\u00f3 la verja de la Casa Blanca lleg\u00f3 a alcanzar la entrada"},"content":{"rendered":"<div class=\"media_block\"><img src=\"http:\/\/ichef.bbci.co.uk\/wsimagechef\/ic\/106x60\/amz\/worldservice\/live\/assets\/images\/2014\/09\/20\/140920035801_sp_servicio_secreto_144x81_ap_nocredit.jpg\" class=\"media_thumbnail\"><img src=\"http:\/\/a.files.bbci.co.uk\/worldservice\/live\/assets\/images\/2014\/09\/20\/140920035801_sp_servicio_secreto_144x81_ap_nocredit.jpg\" class=\"media_thumbnail\"><\/div>\n<p>20 septiembre 2014<\/p>\n<div dir=\"ltr\" class=\"bbc-1ka88fa ebmt73l0\">\n<figure class=\"bbc-1qdcvv9 e1aczekt0\">\n<div dir=\"ltr\" class=\"bbc-172p16q ebmt73l0\">\n<div dir=\"ltr\" class=\"bbc-189y18v ebmt73l0\">\n<div data-e2e=\"image-placeholder\" class=\"bbc-997y1y eihqrxw0\"><img loading=\"lazy\" src=\"http:\/\/cordobapolitica.com\/wp-content\/uploads\/2023\/03\/intruso-que-salto-la-verja-de-la-casa-blanca-llego-a-alcanzar-la-entrada.jpg\" alt=\"Servicio Secreto\" width=\"624\" height=\"351\" class=\"e3vrtyk0 bbc-rb7xa0 e1mo64ex0\"><\/p>\n<p role=\"text\" class=\"bbc-1s1cxbv ewbcsnk0\"><span class=\"bbc-1gnhmg2 ed7bp6y0\">Fuente de la imagen, <\/span><span lang=\"en-GB\">AP<\/span><\/p>\n<\/div>\n<\/div>\n<div dir=\"ltr\" class=\"bbc-3edg7g ebmt73l0\"><figcaption dir=\"ltr\" class=\"bbc-rhuvwm e6i104o0\"><span class=\"bbc-1gnhmg2 ed7bp6y0\">Pie de foto, <\/span><\/p>\n<p>La presencia del intruso llev\u00e1 a evacuar parte de la Casa Blanca.<\/p>\n<\/figcaption><\/div>\n<\/div>\n<\/figure>\n<\/div>\n<div dir=\"ltr\" class=\"bbc-19j92fr ebmt73l0\">\n<p dir=\"ltr\" class=\"bbc-hhl7in e17g058b0\"><b>El Servicio Secreto, la agencia que se encarga de la seguridad del presidente de EE.UU., confirm\u00f3 que el hombre que salt\u00f3 la verja de la Casa Blanca lleg\u00f3 hasta el emblem\u00e1tico p\u00f3rtico norte.<\/b><\/p>\n<\/div>\n<div dir=\"ltr\" class=\"bbc-19j92fr ebmt73l0\">\n<p dir=\"ltr\" class=\"bbc-hhl7in e17g058b0\">El hombre, de 42 a\u00f1os, fue detenido justo en las puertas de la entrada de la residencia presidencial, seg\u00fan dijo el portavoz del Servicio Secreto, Ed Donovan.<\/p>\n<\/div>\n<div dir=\"ltr\" class=\"bbc-19j92fr ebmt73l0\">\n<p dir=\"ltr\" class=\"bbc-hhl7in e17g058b0\">Seg\u00fan Donovan, fue llevado a un hospital aquejado de un dolor en el pecho.<\/p>\n<\/div>\n<div dir=\"ltr\" class=\"bbc-19j92fr ebmt73l0\">\n<p dir=\"ltr\" class=\"bbc-hhl7in e17g058b0\">La presencia del intruso llev\u00f3 a una moment\u00e1nea evacuaci\u00f3n de la Casa Blanca, algo poco habitual: lo normal ante este tipo de incidentes ven\u00eda siendo el bloqueo de todos los accesos, sin permitir entradas ni salidas.<\/p>\n<\/div>\n<section aria-label=\"Publicidad 2\" aria-hidden=\"true\" role=\"region\" data-e2e=\"advertisement\" class=\"e1j2237y8 bbc-sswtix e8sa160\"><\/section>\n<div dir=\"ltr\" class=\"bbc-19j92fr ebmt73l0\">\n<p dir=\"ltr\" class=\"bbc-hhl7in e17g058b0\">Poco antes del incidente, el presidente Barack Obama hab\u00eda partido en helic\u00f3ptero hacia Camp David.<\/p>\n<\/div>\n","protected":false},"excerpt":{"rendered":"<p>20 septiembre 2014 Fuente de la imagen, AP Pie de foto, La presencia del intruso llev\u00e1 a evacuar parte de la Casa Blanca. El Servicio Secreto, la agencia que se encarga de la seguridad del presidente de EE.UU., confirm\u00f3 que el hombre que salt\u00f3 la verja de la Casa Blanca lleg\u00f3 hasta el emblem\u00e1tico p\u00f3rtico [&hellip;]<\/p>\n","protected":false},"author":1,"featured_media":11007,"comment_status":"closed","ping_status":"closed","sticky":false,"template":"","format":"standard","meta":{"om_disable_all_campaigns":false,"_monsterinsights_skip_tracking":false,"_monsterinsights_sitenote_active":false,"_monsterinsights_sitenote_note":"","_monsterinsights_sitenote_category":0},"categories":[6],"tags":[],"aioseo_notices":[],"_links":{"self":[{"href":"https:\/\/cordobapolitica.com\/index.php?rest_route=\/wp\/v2\/posts\/11006"}],"collection":[{"href":"https:\/\/cordobapolitica.com\/index.php?rest_route=\/wp\/v2\/posts"}],"about":[{"href":"https:\/\/cordobapolitica.com\/index.php?rest_route=\/wp\/v2\/types\/post"}],"author":[{"embeddable":true,"href":"https:\/\/cordobapolitica.com\/index.php?rest_route=\/wp\/v2\/users\/1"}],"replies":[{"embeddable":true,"href":"https:\/\/cordobapolitica.com\/index.php?rest_route=%2Fwp%2Fv2%2Fcomments&post=11006"}],"version-history":[{"count":0,"href":"https:\/\/cordobapolitica.com\/index.php?rest_route=\/wp\/v2\/posts\/11006\/revisions"}],"wp:featuredmedia":[{"embeddable":true,"href":"https:\/\/cordobapolitica.com\/index.php?rest_route=\/wp\/v2\/media\/11007"}],"wp:attachment":[{"href":"https:\/\/cordobapolitica.com\/index.php?rest_route=%2Fwp%2Fv2%2Fmedia&parent=11006"}],"wp:term":[{"taxonomy":"category","embeddable":true,"href":"https:\/\/cordobapolitica.com\/index.php?rest_route=%2Fwp%2Fv2%2Fcategories&post=11006"},{"taxonomy":"post_tag","embeddable":true,"href":"https:\/\/cordobapolitica.com\/index.php?rest_route=%2Fwp%2Fv2%2Ftags&post=11006"}],"curies":[{"name":"wp","href":"https:\/\/api.w.org\/{rel}","templated":true}]}}